{"id":501474,"date":"2025-10-21T01:15:09","date_gmt":"2025-10-21T01:15:09","guid":{"rendered":"https:\/\/truckbrasil.net\/wp\/?p=501474"},"modified":"2025-10-21T01:17:22","modified_gmt":"2025-10-21T01:17:22","slug":"velocidade-e-tema-da-campanha-do-ford-mustang-dark-horse","status":"publish","type":"post","link":"https:\/\/truckbrasil.net\/wp\/truck\/2025\/10\/21\/velocidade-e-tema-da-campanha-do-ford-mustang-dark-horse\/","title":{"rendered":"Velocidade \u00e9 tema da campanha do Ford Mustang Dark Horse"},"content":{"rendered":"<p>&nbsp;<\/p>\n<p>\u00b7 A obsess\u00e3o em reduzir mil\u00e9simos de segundo, ultrapassagens e curvas desafiadoras e o ronco empolgante do motor V8 de 507 cv s\u00e3o ingredientes do filme \u2013 veja aqui<\/p>\n<p>\u00b7 A campanha criada pela Wieden+Kennedy teve as cenas gravadas no Aut\u00f3dromo Velocitt\u00e0, em S\u00e3o Paulo, para exibi\u00e7\u00e3o na Am\u00e9rica do Sul<\/p>\n<p>\u00b7 O Mustang Dark Horse traz um n\u00edvel in\u00e9dito de performance e d\u00e1 sequ\u00eancia \u00e0 linhagem de grandes cl\u00e1ssicos do esportivo<\/p>\n<p>&nbsp;<\/p>\n<p>A campanha de lan\u00e7amento do Ford Mustang Dark Horse come\u00e7a a ser exibida na Am\u00e9rica do Sul, com um filme criado pela Wieden+Kennedy S\u0101o Paulo em parceria com o hub da ag\u00eancia em Buenos Aires. A produ\u00e7\u00e3o, rodada no Aut\u00f3dromo Velocitt\u00e0, no interior de S\u00e3o Paulo, destaca a exclusividade do esportivo feito para os apaixonados por emo\u00e7\u00e3o e alto desempenho \u2013 veja aqui:<br \/>\n<iframe loading=\"lazy\" title=\"YouTube video player\" src=\"https:\/\/www.youtube.com\/embed\/nSAOZ7x68FM?si=lStayehXgVrFYb4p\" width=\"560\" height=\"315\" frameborder=\"0\" allowfullscreen=\"allowfullscreen\"><\/iframe><\/p>\n<p>Com o mote \u201cA Obsess\u00e3o Nunca Descansa\u201d, a campanha evidencia como um \u00fanico segundo pode transformar tudo: da vit\u00f3ria \u00e0 derrota, da curva perfeita \u00e0 sa\u00edda da corrida, traduzindo a filosofia da Ford de competir contra o pr\u00f3prio tempo e superar limites.<\/p>\n<p>\u201cO Mustang \u00e9 um nome ic\u00f4nico em todo o mundo e na Am\u00e9rica do Sul representa performance e design como nenhum outro. Com o Dark Horse, queremos ampliar essa heran\u00e7a, criando experi\u00eancias que v\u00e3o al\u00e9m do produto e refor\u00e7am a for\u00e7a da marca\u201d, afirma Marcel Bueno, diretor de Marketing da Ford Am\u00e9rica do Sul.<\/p>\n<p>O Ford Mustang Dark Horse \u00e9 a vers\u00e3o de s\u00e9rie do esportivo mais potente j\u00e1 produzida. Tamb\u00e9m \u00e9 o Mustang homologado para as ruas mais pr\u00f3ximo de um modelo de competi\u00e7\u00e3o, com motor V8 de 507 cv, suspens\u00e3o MagneRide e freios Brembo. O design exclusivo refor\u00e7a essa voca\u00e7\u00e3o com visual esportivo de inspira\u00e7\u00e3o \u201cdark\u201d, emblema especial, faixas de corrida no cap\u00f4, far\u00f3is escurecidos e costuras azuis no interior.<\/p>\n<p>Mais do que um carro, o Mustang Dark Horse representa uma experi\u00eancia de performance e estilo, criada para quem valoriza exclusividade e compartilha da mesma obsess\u00e3o pela velocidade.<\/p>\n<p>\u201cCom o Mustang Dark Horse, buscamos ir al\u00e9m da comunica\u00e7\u00e3o de produto e refor\u00e7ar a heran\u00e7a da Ford no automobilismo. A campanha conecta o legado da marca \u00e0 experi\u00eancia contempor\u00e2nea de performance, mostrando que cada segundo faz diferen\u00e7a\u201d, explica Rafael Campello, Group Creative Director da Wieden + Kennedy.<\/p>\n<p>Ficha T\u00e9cnica<\/p>\n<p>Cliente: Ford<\/p>\n<p>CCO Latam: Rodrigo Jatene<\/p>\n<p>DGC: Rafael Campello<\/p>\n<p>Diretores Criativos: Mathias Harbek, Yago Fandi\u00f1o<\/p>\n<p>Redator: Juan Pablo Santoro<\/p>\n<p>Diretor de Arte: Florencia Esp\u00ednola<\/p>\n<p>Chefe de Produ\u00e7\u00e3o Integrada: Patricia Gaglioni<\/p>\n<p>Produtor Executivo: Alessandra Salles<\/p>\n<p>Planejamento: Andr\u00e9 Troster, Gustavo Dornelles, Mauque Desimoni<\/p>\n<p>Atendimento ao Cliente: Sebasti\u00e1n D\u00edaz, Katherine Arteaga, Julieta Schmale, Rodrigo Gercke<\/p>\n<p>Aprova\u00e7\u00e3o do Cliente: Marcel Bueno Silva, Matheus Amaral, Natalia Troncoso, Nadia Mateos.<\/p>\n<p>Produtora: Immigrant Studio<\/p>\n<p>Diretor: Kayhan Lannes Ozmen<\/p>\n<p>Produtor Executivo: Guilherme Passos<\/p>\n<p>Coordenador de Produ\u00e7\u00e3o: Ana Luisa Fran\u00e7a<\/p>\n<p>Diretor de Fotografia: Diego Robaldo<\/p>\n<p>1\u00ba Assistente de Dire\u00e7\u00e3o: Jan Monzcka<\/p>\n<p>Montagem: Danilo Abraham<\/p>\n<p>Assistente de Montagem: Filipe Rizzo, Renan Prado, Ivan Gomes, Matheus Pizzani<\/p>\n<p>Coordena\u00e7\u00e3o de P\u00f3s-produ\u00e7\u00e3o: Rafael Malavasi<\/p>\n<p>Supervisor de P\u00f3s-produ\u00e7\u00e3o: Raphael Bonato<\/p>\n<p>P\u00f3s-produ\u00e7\u00e3o: Warriors VFX<\/p>\n<p>Corre\u00e7\u00e3o de Cor: Gabriel Ferreira (Pinda)<\/p>\n<p>Produ\u00e7\u00e3o de Som: Audio Arte Produtor<\/p>\n<p>Dire\u00e7\u00e3o de Produ\u00e7\u00e3o Musical: Eduardo Santos<\/p>\n<p>Executivo de Produ\u00e7\u00e3o de Som: Eduardo Santos<\/p>\n<p>Produ\u00e7\u00e3o Musical: Gustavo Santana<\/p>\n<p>Capta\u00e7\u00e3o de Som do Ve\u00edculo: Eduardo Santos, Denis Melito,Bianca Pulga, Bernardo Fazio<\/p>\n<p>Coordena\u00e7\u00e3o de Produ\u00e7\u00e3o: Camila Ferreira<\/p>\n<p>Conceito e Finaliza\u00e7\u00e3o: Eduardo Santos<\/p>\n<hr \/>\n<p>(20\/10\/2025)<\/p>\n<p>Imprensa Ford<\/p>\n<p>&nbsp;<\/p>\n","protected":false},"excerpt":{"rendered":"<p>&nbsp; \u00b7 A obsess\u00e3o em reduzir mil\u00e9simos de segundo, ultrapassagens e curvas desafiadoras e o ronco empolgante do motor V8 de 507 cv s\u00e3o ingredientes do filme \u2013 veja aqui \u00b7 A campanha criada pela Wieden+Kennedy teve as cenas gravadas no Aut\u00f3dromo Velocitt\u00e0, em S\u00e3o Paulo, para exibi\u00e7\u00e3o na Am\u00e9rica do Sul \u00b7 O Mustang [&hellip;]<\/p>\n","protected":false},"author":1,"featured_media":501475,"comment_status":"closed","ping_status":"closed","sticky":false,"template":"","format":"standard","meta":{"fifu_image_url":"","fifu_image_alt":"","footnotes":""},"categories":[14,7],"tags":[],"class_list":["post-501474","post","type-post","status-publish","format-standard","has-post-thumbnail","hentry","category-ford","category-noticias"],"_links":{"self":[{"href":"https:\/\/truckbrasil.net\/wp\/wp-json\/wp\/v2\/posts\/501474","targetHints":{"allow":["GET"]}}],"collection":[{"href":"https:\/\/truckbrasil.net\/wp\/wp-json\/wp\/v2\/posts"}],"about":[{"href":"https:\/\/truckbrasil.net\/wp\/wp-json\/wp\/v2\/types\/post"}],"author":[{"embeddable":true,"href":"https:\/\/truckbrasil.net\/wp\/wp-json\/wp\/v2\/users\/1"}],"replies":[{"embeddable":true,"href":"https:\/\/truckbrasil.net\/wp\/wp-json\/wp\/v2\/comments?post=501474"}],"version-history":[{"count":0,"href":"https:\/\/truckbrasil.net\/wp\/wp-json\/wp\/v2\/posts\/501474\/revisions"}],"wp:featuredmedia":[{"embeddable":true,"href":"https:\/\/truckbrasil.net\/wp\/wp-json\/wp\/v2\/media\/501475"}],"wp:attachment":[{"href":"https:\/\/truckbrasil.net\/wp\/wp-json\/wp\/v2\/media?parent=501474"}],"wp:term":[{"taxonomy":"category","embeddable":true,"href":"https:\/\/truckbrasil.net\/wp\/wp-json\/wp\/v2\/categories?post=501474"},{"taxonomy":"post_tag","embeddable":true,"href":"https:\/\/truckbrasil.net\/wp\/wp-json\/wp\/v2\/tags?post=501474"}],"curies":[{"name":"wp","href":"https:\/\/api.w.org\/{rel}","templated":true}]}}