{"id":760126,"date":"2026-08-14T04:56:43","date_gmt":"2026-08-14T04:56:43","guid":{"rendered":"https:\/\/truckbrasil.net\/wp\/truck\/2026\/08\/14\/esponja-microfibra-lava-seca-polimento-luxcar-40100225548\/"},"modified":"2026-08-14T04:56:43","modified_gmt":"2026-08-14T04:56:43","slug":"esponja-microfibra-lava-seca-polimento-luxcar-40100225548","status":"publish","type":"post","link":"https:\/\/truckbrasil.net\/wp\/truck\/2026\/08\/14\/esponja-microfibra-lava-seca-polimento-luxcar-40100225548\/","title":{"rendered":"Esponja Microfibra Lava Seca Polimento Luxcar &#8211; 40100225548"},"content":{"rendered":"<p><a href=\"https:\/\/www.awin1.com\/pclick.php?p=40100225548&#038;a=690303&#038;m=46269\" target=\"_blank\" rel=\"noopener sponsored\"><\/a><\/p>\n<h2>Produtos Limpeza e Restaura\u00e7\u00e3o<\/h2>\n<h3>O pre\u00e7o de Esponja Microfibra Lava Seca Polimento Luxcar\u00a0era de <del><strong>R$ 21.90<\/strong><\/del>. Acesse a loja e veja se o pre\u00e7o ou estoque mudaram: <a href=\"https:\/\/www.awin1.com\/pclick.php?p=40100225548&#038;a=690303&#038;m=46269\" target=\"_blank\" rel=\"noopener sponsored\"><img decoding=\"async\" src=\"data:image\/gif;base64,R0lGODlhAQABAIAAAAAAAP\/\/\/ywAAAAAAQABAAACAUwAOw==\" fifu-lazy=\"1\" fifu-data-sizes=\"auto\" fifu-data-srcset=\"https:\/\/i2.wp.com\/ui.awin.com\/images\/upload\/merchant\/profile\/46269.png?ssl=1&w=75&resize=75&ssl=1 75w, https:\/\/i2.wp.com\/ui.awin.com\/images\/upload\/merchant\/profile\/46269.png?ssl=1&w=100&resize=100&ssl=1 100w, https:\/\/i2.wp.com\/ui.awin.com\/images\/upload\/merchant\/profile\/46269.png?ssl=1&w=150&resize=150&ssl=1 150w, https:\/\/i2.wp.com\/ui.awin.com\/images\/upload\/merchant\/profile\/46269.png?ssl=1&w=240&resize=240&ssl=1 240w, https:\/\/i2.wp.com\/ui.awin.com\/images\/upload\/merchant\/profile\/46269.png?ssl=1&w=320&resize=320&ssl=1 320w, https:\/\/i2.wp.com\/ui.awin.com\/images\/upload\/merchant\/profile\/46269.png?ssl=1&w=500&resize=500&ssl=1 500w, https:\/\/i2.wp.com\/ui.awin.com\/images\/upload\/merchant\/profile\/46269.png?ssl=1&w=640&resize=640&ssl=1 640w, https:\/\/i2.wp.com\/ui.awin.com\/images\/upload\/merchant\/profile\/46269.png?ssl=1&w=800&resize=800&ssl=1 800w, https:\/\/i2.wp.com\/ui.awin.com\/images\/upload\/merchant\/profile\/46269.png?ssl=1&w=1024&resize=1024&ssl=1 1024w, https:\/\/i2.wp.com\/ui.awin.com\/images\/upload\/merchant\/profile\/46269.png?ssl=1&w=1280&resize=1280&ssl=1 1280w, https:\/\/i2.wp.com\/ui.awin.com\/images\/upload\/merchant\/profile\/46269.png?ssl=1&w=1600&resize=1600&ssl=1 1600w\" fifu-data-src=\"https:\/\/i2.wp.com\/ui.awin.com\/images\/upload\/merchant\/profile\/46269.png?ssl=1\" alt=\"Esponja Microfibra Lava Seca Polimento Luxcar\" \/> &#8211; Hipervarejo BR<\/a><\/h3>\n<p>A Esponja Microfibra Luxcar foi desenvolvida para o uso automotivo, podendo ser utilizada para lavar, secar e polir. Vantagens \u2022 Limpa com ou sem produtos qu\u00edmicos. \u2022 Absorve 8x mais \u00e1gua que esponjas convencionais \u2022 N\u00e3o risca. \u2022 N\u00e3o solta fiapos. Modo de usar Ideais para superf\u00edcies delicadas como: Espelhos, cristais, prataria, eletr\u00f4nicos e tamb\u00e9m secar e polir autom\u00f3veis.<\/p>\n<h5>Aproveite e pesquise o pre\u00e7o deste produto em dezenas de lojas dos marketplaces abaixo:<\/h5>\n<p><a href=\"https:\/\/www.magazinevoce.com.br\/magazineezu\/busca\/Esponja Microfibra Lava Seca Polimento Luxcar\/\" target=\"_blank\" rel=\"noopener\"><img decoding=\"async\" src=\"data:image\/gif;base64,R0lGODlhAQABAIAAAAAAAP\/\/\/ywAAAAAAQABAAACAUwAOw==\" fifu-lazy=\"1\" fifu-data-sizes=\"auto\" fifu-data-srcset=\"https:\/\/i3.wp.com\/mvc.mlcdn.com.br\/ad\/2503_superofertas.png?ssl=1&w=75&resize=75&ssl=1 75w, https:\/\/i3.wp.com\/mvc.mlcdn.com.br\/ad\/2503_superofertas.png?ssl=1&w=100&resize=100&ssl=1 100w, https:\/\/i3.wp.com\/mvc.mlcdn.com.br\/ad\/2503_superofertas.png?ssl=1&w=150&resize=150&ssl=1 150w, https:\/\/i3.wp.com\/mvc.mlcdn.com.br\/ad\/2503_superofertas.png?ssl=1&w=240&resize=240&ssl=1 240w, https:\/\/i3.wp.com\/mvc.mlcdn.com.br\/ad\/2503_superofertas.png?ssl=1&w=320&resize=320&ssl=1 320w, https:\/\/i3.wp.com\/mvc.mlcdn.com.br\/ad\/2503_superofertas.png?ssl=1&w=500&resize=500&ssl=1 500w, https:\/\/i3.wp.com\/mvc.mlcdn.com.br\/ad\/2503_superofertas.png?ssl=1&w=640&resize=640&ssl=1 640w, https:\/\/i3.wp.com\/mvc.mlcdn.com.br\/ad\/2503_superofertas.png?ssl=1&w=800&resize=800&ssl=1 800w, https:\/\/i3.wp.com\/mvc.mlcdn.com.br\/ad\/2503_superofertas.png?ssl=1&w=1024&resize=1024&ssl=1 1024w, https:\/\/i3.wp.com\/mvc.mlcdn.com.br\/ad\/2503_superofertas.png?ssl=1&w=1280&resize=1280&ssl=1 1280w, https:\/\/i3.wp.com\/mvc.mlcdn.com.br\/ad\/2503_superofertas.png?ssl=1&w=1600&resize=1600&ssl=1 1600w\" fifu-data-src=\"https:\/\/i3.wp.com\/mvc.mlcdn.com.br\/ad\/2503_superofertas.png?ssl=1\" alt=\"Pesquise no Magazine eZu\" \/> &#8211; Clique <\/a>.<\/p>\n<hr \/>\n<hr \/>\n<h4>A loja Ferramentas Kennedy oferece a possibilidade de busca mais ampla para <a href=\"https:\/\/www.ferramentaskennedy.com.br\/busca?q=Esponja Microfibra Lava Seca Polimento Luxcar&amp;utm_campaign=ecompare&amp;utm_medium=maisplataforma&amp;utm_source=mais\" target=\"_blank\" rel=\"noopener\">Esponja Microfibra Lava Seca Polimento Luxcar, clique e continue <strong>pesquisando&#8230;<\/strong><img decoding=\"async\" src=\"data:image\/gif;base64,R0lGODlhAQABAIAAAAAAAP\/\/\/ywAAAAAAQABAAACAUwAOw==\" fifu-lazy=\"1\" fifu-data-sizes=\"auto\" fifu-data-srcset=\"https:\/\/i1.wp.com\/bucket-seed.s3.us-east-2.amazonaws.com\/ferramentaskennedy.com.br\/network\/share.png?ssl=1&w=75&resize=75&ssl=1 75w, https:\/\/i1.wp.com\/bucket-seed.s3.us-east-2.amazonaws.com\/ferramentaskennedy.com.br\/network\/share.png?ssl=1&w=100&resize=100&ssl=1 100w, https:\/\/i1.wp.com\/bucket-seed.s3.us-east-2.amazonaws.com\/ferramentaskennedy.com.br\/network\/share.png?ssl=1&w=150&resize=150&ssl=1 150w, https:\/\/i1.wp.com\/bucket-seed.s3.us-east-2.amazonaws.com\/ferramentaskennedy.com.br\/network\/share.png?ssl=1&w=240&resize=240&ssl=1 240w, https:\/\/i1.wp.com\/bucket-seed.s3.us-east-2.amazonaws.com\/ferramentaskennedy.com.br\/network\/share.png?ssl=1&w=320&resize=320&ssl=1 320w, https:\/\/i1.wp.com\/bucket-seed.s3.us-east-2.amazonaws.com\/ferramentaskennedy.com.br\/network\/share.png?ssl=1&w=500&resize=500&ssl=1 500w, https:\/\/i1.wp.com\/bucket-seed.s3.us-east-2.amazonaws.com\/ferramentaskennedy.com.br\/network\/share.png?ssl=1&w=640&resize=640&ssl=1 640w, https:\/\/i1.wp.com\/bucket-seed.s3.us-east-2.amazonaws.com\/ferramentaskennedy.com.br\/network\/share.png?ssl=1&w=800&resize=800&ssl=1 800w, https:\/\/i1.wp.com\/bucket-seed.s3.us-east-2.amazonaws.com\/ferramentaskennedy.com.br\/network\/share.png?ssl=1&w=1024&resize=1024&ssl=1 1024w, https:\/\/i1.wp.com\/bucket-seed.s3.us-east-2.amazonaws.com\/ferramentaskennedy.com.br\/network\/share.png?ssl=1&w=1280&resize=1280&ssl=1 1280w, https:\/\/i1.wp.com\/bucket-seed.s3.us-east-2.amazonaws.com\/ferramentaskennedy.com.br\/network\/share.png?ssl=1&w=1600&resize=1600&ssl=1 1600w\" fifu-data-src=\"https:\/\/i1.wp.com\/bucket-seed.s3.us-east-2.amazonaws.com\/ferramentaskennedy.com.br\/network\/share.png?ssl=1\" alt=\"Pesquise na Ferramentas Kennedy\" align=\"center\" \/><\/a><\/h4>\n<hr \/>\n<p>COD25524334611670070770166134435225<\/p>\n","protected":false},"excerpt":{"rendered":"<p><del>R$ 21.90<\/del> nas lojas <a href=\"https:\/\/www.awin1.com\/pclick.php?p=40100225548&#038;a=690303&#038;m=46269\" target=\"_blank\" rel=\"sponsored\">Hipervarejo BR<\/a><\/p>\n","protected":false},"author":1,"featured_media":760127,"comment_status":"closed","ping_status":"closed","sticky":false,"template":"","format":"standard","meta":{"fifu_image_url":"https:\/\/fortbras.vteximg.com.br\/arquivos\/ids\/196230_2","fifu_image_alt":"","footnotes":""},"categories":[2],"tags":[13695,5,16466],"class_list":["post-760126","post","type-post","status-publish","format-standard","has-post-thumbnail","hentry","category-produtos","tag-21-90","tag-hipervarejo-br","tag-produtos-limpeza-e-restauracao","no-post-thumbnail"],"_links":{"self":[{"href":"https:\/\/truckbrasil.net\/wp\/wp-json\/wp\/v2\/posts\/760126","targetHints":{"allow":["GET"]}}],"collection":[{"href":"https:\/\/truckbrasil.net\/wp\/wp-json\/wp\/v2\/posts"}],"about":[{"href":"https:\/\/truckbrasil.net\/wp\/wp-json\/wp\/v2\/types\/post"}],"author":[{"embeddable":true,"href":"https:\/\/truckbrasil.net\/wp\/wp-json\/wp\/v2\/users\/1"}],"replies":[{"embeddable":true,"href":"https:\/\/truckbrasil.net\/wp\/wp-json\/wp\/v2\/comments?post=760126"}],"version-history":[{"count":0,"href":"https:\/\/truckbrasil.net\/wp\/wp-json\/wp\/v2\/posts\/760126\/revisions"}],"wp:featuredmedia":[{"embeddable":true,"href":"https:\/\/truckbrasil.net\/wp\/wp-json\/wp\/v2\/media\/760127"}],"wp:attachment":[{"href":"https:\/\/truckbrasil.net\/wp\/wp-json\/wp\/v2\/media?parent=760126"}],"wp:term":[{"taxonomy":"category","embeddable":true,"href":"https:\/\/truckbrasil.net\/wp\/wp-json\/wp\/v2\/categories?post=760126"},{"taxonomy":"post_tag","embeddable":true,"href":"https:\/\/truckbrasil.net\/wp\/wp-json\/wp\/v2\/tags?post=760126"}],"curies":[{"name":"wp","href":"https:\/\/api.w.org\/{rel}","templated":true}]}}