{"id":794094,"date":"2026-08-03T17:10:55","date_gmt":"2026-08-03T17:10:55","guid":{"rendered":"https:\/\/truckbrasil.net\/wp\/truck\/2026\/08\/03\/radiador-chevrolet-corsa-sedan-95-a-2002-com-ar-visconde-35724684165\/"},"modified":"2026-08-03T17:10:55","modified_gmt":"2026-08-03T17:10:55","slug":"radiador-chevrolet-corsa-sedan-95-a-2002-com-ar-visconde-35724684165","status":"publish","type":"post","link":"https:\/\/truckbrasil.net\/wp\/truck\/2026\/08\/03\/radiador-chevrolet-corsa-sedan-95-a-2002-com-ar-visconde-35724684165\/","title":{"rendered":"Radiador Chevrolet Corsa Sedan 95 a 2002 Com Ar Visconde &#8211; 35724684165"},"content":{"rendered":"<p><a href=\"https:\/\/www.awin1.com\/pclick.php?p=35724684165&#038;a=690303&#038;m=46269\" target=\"_blank\" rel=\"noopener sponsored\"><\/a><\/p>\n<h2>Arrefecimento<\/h2>\n<h3>O pre\u00e7o de Radiador Chevrolet Corsa Sedan 95 a 2002 Com Ar Visconde\u00a0era de <del><strong>R$ 292.90<\/strong><\/del>. Acesse a loja e veja se o pre\u00e7o ou estoque mudaram: <a href=\"https:\/\/www.awin1.com\/pclick.php?p=35724684165&#038;a=690303&#038;m=46269\" target=\"_blank\" rel=\"noopener sponsored\"><img decoding=\"async\" src=\"data:image\/gif;base64,R0lGODlhAQABAIAAAAAAAP\/\/\/ywAAAAAAQABAAACAUwAOw==\" fifu-lazy=\"1\" fifu-data-sizes=\"auto\" fifu-data-srcset=\"https:\/\/i2.wp.com\/ui.awin.com\/images\/upload\/merchant\/profile\/46269.png?ssl=1&w=75&resize=75&ssl=1 75w, https:\/\/i2.wp.com\/ui.awin.com\/images\/upload\/merchant\/profile\/46269.png?ssl=1&w=100&resize=100&ssl=1 100w, https:\/\/i2.wp.com\/ui.awin.com\/images\/upload\/merchant\/profile\/46269.png?ssl=1&w=150&resize=150&ssl=1 150w, https:\/\/i2.wp.com\/ui.awin.com\/images\/upload\/merchant\/profile\/46269.png?ssl=1&w=240&resize=240&ssl=1 240w, https:\/\/i2.wp.com\/ui.awin.com\/images\/upload\/merchant\/profile\/46269.png?ssl=1&w=320&resize=320&ssl=1 320w, https:\/\/i2.wp.com\/ui.awin.com\/images\/upload\/merchant\/profile\/46269.png?ssl=1&w=500&resize=500&ssl=1 500w, https:\/\/i2.wp.com\/ui.awin.com\/images\/upload\/merchant\/profile\/46269.png?ssl=1&w=640&resize=640&ssl=1 640w, https:\/\/i2.wp.com\/ui.awin.com\/images\/upload\/merchant\/profile\/46269.png?ssl=1&w=800&resize=800&ssl=1 800w, https:\/\/i2.wp.com\/ui.awin.com\/images\/upload\/merchant\/profile\/46269.png?ssl=1&w=1024&resize=1024&ssl=1 1024w, https:\/\/i2.wp.com\/ui.awin.com\/images\/upload\/merchant\/profile\/46269.png?ssl=1&w=1280&resize=1280&ssl=1 1280w, https:\/\/i2.wp.com\/ui.awin.com\/images\/upload\/merchant\/profile\/46269.png?ssl=1&w=1600&resize=1600&ssl=1 1600w\" fifu-data-src=\"https:\/\/i2.wp.com\/ui.awin.com\/images\/upload\/merchant\/profile\/46269.png?ssl=1\" alt=\"Radiador Chevrolet Corsa Sedan 95 a 2002 Com Ar Visconde\" \/> &#8211; Hipervarejo BR<\/a><\/h3>\n<p>Um radiador \u00e9 um dispositivo utilizado para troca de calor entre o ar atmosf\u00e9rico e outra subst\u00e2ncia (geralmente um l\u00edquido de arrefecimento) contida em um sistema fechado. Seu n\u00facleo \u00e9 constitu\u00eddo por uma s\u00e9rie de canais (em forma de tubos ou de colm\u00e9ia) que permitem a passagem de ar entre eles retirando o calor do l\u00edquido, portanto quanto maior a \u00e1rea de contato com o ar mais r\u00e1pida \u00e9 a troca e mais eficiente \u00e9 o radiador.<\/p>\n<h5>Aproveite e pesquise o pre\u00e7o deste produto em dezenas de lojas dos marketplaces abaixo:<\/h5>\n<p><a href=\"https:\/\/www.magazinevoce.com.br\/magazineezu\/busca\/Radiador Chevrolet Corsa Sedan 95 a 2002 Com Ar Visconde\/\" target=\"_blank\" rel=\"noopener\"><img decoding=\"async\" src=\"data:image\/gif;base64,R0lGODlhAQABAIAAAAAAAP\/\/\/ywAAAAAAQABAAACAUwAOw==\" fifu-lazy=\"1\" fifu-data-sizes=\"auto\" fifu-data-srcset=\"https:\/\/i3.wp.com\/mvc.mlcdn.com.br\/ad\/2503_superofertas.png?ssl=1&w=75&resize=75&ssl=1 75w, https:\/\/i3.wp.com\/mvc.mlcdn.com.br\/ad\/2503_superofertas.png?ssl=1&w=100&resize=100&ssl=1 100w, https:\/\/i3.wp.com\/mvc.mlcdn.com.br\/ad\/2503_superofertas.png?ssl=1&w=150&resize=150&ssl=1 150w, https:\/\/i3.wp.com\/mvc.mlcdn.com.br\/ad\/2503_superofertas.png?ssl=1&w=240&resize=240&ssl=1 240w, https:\/\/i3.wp.com\/mvc.mlcdn.com.br\/ad\/2503_superofertas.png?ssl=1&w=320&resize=320&ssl=1 320w, https:\/\/i3.wp.com\/mvc.mlcdn.com.br\/ad\/2503_superofertas.png?ssl=1&w=500&resize=500&ssl=1 500w, https:\/\/i3.wp.com\/mvc.mlcdn.com.br\/ad\/2503_superofertas.png?ssl=1&w=640&resize=640&ssl=1 640w, https:\/\/i3.wp.com\/mvc.mlcdn.com.br\/ad\/2503_superofertas.png?ssl=1&w=800&resize=800&ssl=1 800w, https:\/\/i3.wp.com\/mvc.mlcdn.com.br\/ad\/2503_superofertas.png?ssl=1&w=1024&resize=1024&ssl=1 1024w, https:\/\/i3.wp.com\/mvc.mlcdn.com.br\/ad\/2503_superofertas.png?ssl=1&w=1280&resize=1280&ssl=1 1280w, https:\/\/i3.wp.com\/mvc.mlcdn.com.br\/ad\/2503_superofertas.png?ssl=1&w=1600&resize=1600&ssl=1 1600w\" fifu-data-src=\"https:\/\/i3.wp.com\/mvc.mlcdn.com.br\/ad\/2503_superofertas.png?ssl=1\" alt=\"Pesquise no Magazine eZu\" \/> &#8211; Clique <\/a>.<\/p>\n<hr \/>\n<hr \/>\n<h4>A loja Ferramentas Kennedy oferece a possibilidade de busca mais ampla para <a href=\"https:\/\/www.ferramentaskennedy.com.br\/busca?q=Radiador Chevrolet Corsa Sedan 95 a 2002 Com Ar Visconde&amp;utm_campaign=ecompare&amp;utm_medium=maisplataforma&amp;utm_source=mais\" target=\"_blank\" rel=\"noopener\">Radiador Chevrolet Corsa Sedan 95 a 2002 Com Ar Visconde, clique e continue <strong>pesquisando&#8230;<\/strong><img decoding=\"async\" src=\"data:image\/gif;base64,R0lGODlhAQABAIAAAAAAAP\/\/\/ywAAAAAAQABAAACAUwAOw==\" fifu-lazy=\"1\" fifu-data-sizes=\"auto\" fifu-data-srcset=\"https:\/\/i1.wp.com\/bucket-seed.s3.us-east-2.amazonaws.com\/ferramentaskennedy.com.br\/network\/share.png?ssl=1&w=75&resize=75&ssl=1 75w, https:\/\/i1.wp.com\/bucket-seed.s3.us-east-2.amazonaws.com\/ferramentaskennedy.com.br\/network\/share.png?ssl=1&w=100&resize=100&ssl=1 100w, https:\/\/i1.wp.com\/bucket-seed.s3.us-east-2.amazonaws.com\/ferramentaskennedy.com.br\/network\/share.png?ssl=1&w=150&resize=150&ssl=1 150w, https:\/\/i1.wp.com\/bucket-seed.s3.us-east-2.amazonaws.com\/ferramentaskennedy.com.br\/network\/share.png?ssl=1&w=240&resize=240&ssl=1 240w, https:\/\/i1.wp.com\/bucket-seed.s3.us-east-2.amazonaws.com\/ferramentaskennedy.com.br\/network\/share.png?ssl=1&w=320&resize=320&ssl=1 320w, https:\/\/i1.wp.com\/bucket-seed.s3.us-east-2.amazonaws.com\/ferramentaskennedy.com.br\/network\/share.png?ssl=1&w=500&resize=500&ssl=1 500w, https:\/\/i1.wp.com\/bucket-seed.s3.us-east-2.amazonaws.com\/ferramentaskennedy.com.br\/network\/share.png?ssl=1&w=640&resize=640&ssl=1 640w, https:\/\/i1.wp.com\/bucket-seed.s3.us-east-2.amazonaws.com\/ferramentaskennedy.com.br\/network\/share.png?ssl=1&w=800&resize=800&ssl=1 800w, https:\/\/i1.wp.com\/bucket-seed.s3.us-east-2.amazonaws.com\/ferramentaskennedy.com.br\/network\/share.png?ssl=1&w=1024&resize=1024&ssl=1 1024w, https:\/\/i1.wp.com\/bucket-seed.s3.us-east-2.amazonaws.com\/ferramentaskennedy.com.br\/network\/share.png?ssl=1&w=1280&resize=1280&ssl=1 1280w, https:\/\/i1.wp.com\/bucket-seed.s3.us-east-2.amazonaws.com\/ferramentaskennedy.com.br\/network\/share.png?ssl=1&w=1600&resize=1600&ssl=1 1600w\" fifu-data-src=\"https:\/\/i1.wp.com\/bucket-seed.s3.us-east-2.amazonaws.com\/ferramentaskennedy.com.br\/network\/share.png?ssl=1\" alt=\"Pesquise na Ferramentas Kennedy\" align=\"center\" \/><\/a><\/h4>\n<hr \/>\n<p>COD25524334611670070770166134435225<\/p>\n","protected":false},"excerpt":{"rendered":"<p><del>R$ 292.90<\/del> nas lojas <a href=\"https:\/\/www.awin1.com\/pclick.php?p=35724684165&#038;a=690303&#038;m=46269\" target=\"_blank\" rel=\"sponsored\">Hipervarejo BR<\/a><\/p>\n","protected":false},"author":1,"featured_media":794095,"comment_status":"closed","ping_status":"closed","sticky":false,"template":"","format":"standard","meta":{"fifu_image_url":"https:\/\/fortbras.vteximg.com.br\/arquivos\/ids\/242587_2","fifu_image_alt":"","footnotes":""},"categories":[2],"tags":[14605,16438,5],"class_list":["post-794094","post","type-post","status-publish","format-standard","has-post-thumbnail","hentry","category-produtos","tag-292-90","tag-arrefecimento","tag-hipervarejo-br","no-post-thumbnail"],"_links":{"self":[{"href":"https:\/\/truckbrasil.net\/wp\/wp-json\/wp\/v2\/posts\/794094","targetHints":{"allow":["GET"]}}],"collection":[{"href":"https:\/\/truckbrasil.net\/wp\/wp-json\/wp\/v2\/posts"}],"about":[{"href":"https:\/\/truckbrasil.net\/wp\/wp-json\/wp\/v2\/types\/post"}],"author":[{"embeddable":true,"href":"https:\/\/truckbrasil.net\/wp\/wp-json\/wp\/v2\/users\/1"}],"replies":[{"embeddable":true,"href":"https:\/\/truckbrasil.net\/wp\/wp-json\/wp\/v2\/comments?post=794094"}],"version-history":[{"count":0,"href":"https:\/\/truckbrasil.net\/wp\/wp-json\/wp\/v2\/posts\/794094\/revisions"}],"wp:featuredmedia":[{"embeddable":true,"href":"https:\/\/truckbrasil.net\/wp\/wp-json\/wp\/v2\/media\/794095"}],"wp:attachment":[{"href":"https:\/\/truckbrasil.net\/wp\/wp-json\/wp\/v2\/media?parent=794094"}],"wp:term":[{"taxonomy":"category","embeddable":true,"href":"https:\/\/truckbrasil.net\/wp\/wp-json\/wp\/v2\/categories?post=794094"},{"taxonomy":"post_tag","embeddable":true,"href":"https:\/\/truckbrasil.net\/wp\/wp-json\/wp\/v2\/tags?post=794094"}],"curies":[{"name":"wp","href":"https:\/\/api.w.org\/{rel}","templated":true}]}}