{"id":795707,"date":"2026-08-05T18:51:48","date_gmt":"2026-08-05T18:51:48","guid":{"rendered":"https:\/\/truckbrasil.net\/wp\/truck\/2026\/08\/05\/capacete-moto-fechado-pro-tork-evolution-g5-carbon-evo-35724683392\/"},"modified":"2026-08-05T18:51:48","modified_gmt":"2026-08-05T18:51:48","slug":"capacete-moto-fechado-pro-tork-evolution-g5-carbon-evo-35724683392","status":"publish","type":"post","link":"https:\/\/truckbrasil.net\/wp\/truck\/2026\/08\/05\/capacete-moto-fechado-pro-tork-evolution-g5-carbon-evo-35724683392\/","title":{"rendered":"Capacete Moto Fechado Pro Tork Evolution G5 Carbon Evo &#8211; 35724683392"},"content":{"rendered":"<p><a href=\"https:\/\/www.awin1.com\/pclick.php?p=35724683392&#038;a=690303&#038;m=46269\" target=\"_blank\" rel=\"noopener sponsored\"><\/a><\/p>\n<h2>Capacetes<\/h2>\n<h3>O pre\u00e7o de Capacete Moto Fechado Pro Tork Evolution G5 Carbon Evo\u00a0era de <del><strong>R$ 201.06<\/strong><\/del>. Acesse a loja e veja se o pre\u00e7o ou estoque mudaram: <a href=\"https:\/\/www.awin1.com\/pclick.php?p=35724683392&#038;a=690303&#038;m=46269\" target=\"_blank\" rel=\"noopener sponsored\"><img decoding=\"async\" src=\"data:image\/gif;base64,R0lGODlhAQABAIAAAAAAAP\/\/\/ywAAAAAAQABAAACAUwAOw==\" fifu-lazy=\"1\" fifu-data-sizes=\"auto\" fifu-data-srcset=\"https:\/\/i2.wp.com\/ui.awin.com\/images\/upload\/merchant\/profile\/46269.png?ssl=1&w=75&resize=75&ssl=1 75w, https:\/\/i2.wp.com\/ui.awin.com\/images\/upload\/merchant\/profile\/46269.png?ssl=1&w=100&resize=100&ssl=1 100w, https:\/\/i2.wp.com\/ui.awin.com\/images\/upload\/merchant\/profile\/46269.png?ssl=1&w=150&resize=150&ssl=1 150w, https:\/\/i2.wp.com\/ui.awin.com\/images\/upload\/merchant\/profile\/46269.png?ssl=1&w=240&resize=240&ssl=1 240w, https:\/\/i2.wp.com\/ui.awin.com\/images\/upload\/merchant\/profile\/46269.png?ssl=1&w=320&resize=320&ssl=1 320w, https:\/\/i2.wp.com\/ui.awin.com\/images\/upload\/merchant\/profile\/46269.png?ssl=1&w=500&resize=500&ssl=1 500w, https:\/\/i2.wp.com\/ui.awin.com\/images\/upload\/merchant\/profile\/46269.png?ssl=1&w=640&resize=640&ssl=1 640w, https:\/\/i2.wp.com\/ui.awin.com\/images\/upload\/merchant\/profile\/46269.png?ssl=1&w=800&resize=800&ssl=1 800w, https:\/\/i2.wp.com\/ui.awin.com\/images\/upload\/merchant\/profile\/46269.png?ssl=1&w=1024&resize=1024&ssl=1 1024w, https:\/\/i2.wp.com\/ui.awin.com\/images\/upload\/merchant\/profile\/46269.png?ssl=1&w=1280&resize=1280&ssl=1 1280w, https:\/\/i2.wp.com\/ui.awin.com\/images\/upload\/merchant\/profile\/46269.png?ssl=1&w=1600&resize=1600&ssl=1 1600w\" fifu-data-src=\"https:\/\/i2.wp.com\/ui.awin.com\/images\/upload\/merchant\/profile\/46269.png?ssl=1\" alt=\"Capacete Moto Fechado Pro Tork Evolution G5 Carbon Evo\" \/> &#8211; Hipervarejo BR<\/a><\/h3>\n<p>Capacete Moto Fechado Pro Tork Evolution G5 Carbon Evo Este capacete \u00e9 a escolha perfeita para motociclistas que buscam uma combina\u00e7\u00e3o de seguran\u00e7a e estilo. Sua constru\u00e7\u00e3o em fibra de carbono oferece leveza sem comprometer a resist\u00eancia, ideal para aventuras de longa dura\u00e7\u00e3o. O design aerodin\u00e2mico minimiza o arrasto do vento, melhorando a performance em alta velocidade. Al\u00e9m disso, o visor avan\u00e7ado garante prote\u00e7\u00e3o contra impactos e clareza visual em qualquer condi\u00e7\u00e3o clim\u00e1tica.  Leveza e Resist\u00eancia: A fibra de carbono proporciona um capacete leve, mas extremamente resistente a impactos. Visor Avan\u00e7ado: Tratamento anti-risco e prote\u00e7\u00e3o UV para uma vis\u00e3o clara e segura. Ventila\u00e7\u00e3o Eficiente: Sistema de ventila\u00e7\u00e3o com entradas frontais e sa\u00eddas traseiras para manter a temperatura interna agrad\u00e1vel. Conforto Interno: Forro remov\u00edvel e lav\u00e1vel feito de tecido respir\u00e1vel, assegurando higiene e conforto. Design Moderno: Estilo aerodin\u00e2mico com grafismos esportivos que destacam seu visual.  Especifica\u00e7\u00f5es T\u00e9cnicas O capacete foi projetado com especifica\u00e7\u00f5es t\u00e9cnicas que garantem m\u00e1xima seguran\u00e7a e conforto ao usu\u00e1rio. Com um peso aproximado de 1,3 kg, n\u00e3o causa fadiga durante o uso prolongado. As aberturas de ventila\u00e7\u00e3o foram estrategicamente posicionadas para otimizar a circula\u00e7\u00e3o do ar dentro do capacete. O visor de 2 mm em policarbonato \u00e9 resistente a impactos e tratado para evitar riscos. O sistema de fecho microm\u00e9trico oferece um ajuste preciso e f\u00e1cil manuseio mesmo com luvas.  Peso Total: Cerca de 1,3 kg, facilitando o uso prolongado sem desconforto. Espessura da Viseira: Viseira de 2 mm em policarbonato resistente. Sistema de Fechamento: Fecho microm\u00e9trico que proporciona ajuste r\u00e1pido e seguro. Homologa\u00e7\u00e3o: Certificado conforme normas internacionais para garantir seguran\u00e7a m\u00e1xima. Compatibilidade: Preparado para viseiras adicionais ou sistemas de comunica\u00e7\u00e3o.  Aplica\u00e7\u00e3o Ideal para motociclistas urbanos e aventureiros que buscam seguran\u00e7a em suas viagens. Seu design vers\u00e1til adapta-se bem a v\u00e1rias condi\u00e7\u00f5es clim\u00e1ticas e diferentes tipos de pilotagem. Seja nas ruas da cidade ou em estradas abertas, este capacete garante prote\u00e7\u00e3o confi\u00e1vel sem abrir m\u00e3o do estilo.  Adquira j\u00e1 o seu Capacete Moto Fechado Pro Tork Evolution G5 Carbon Evo na Hipervarejo!<\/p>\n<h5>Aproveite e pesquise o pre\u00e7o deste produto em dezenas de lojas dos marketplaces abaixo:<\/h5>\n<p><a href=\"https:\/\/www.magazinevoce.com.br\/magazineezu\/busca\/Capacete Moto Fechado Pro Tork Evolution G5 Carbon Evo\/\" target=\"_blank\" rel=\"noopener\"><img decoding=\"async\" src=\"data:image\/gif;base64,R0lGODlhAQABAIAAAAAAAP\/\/\/ywAAAAAAQABAAACAUwAOw==\" fifu-lazy=\"1\" fifu-data-sizes=\"auto\" fifu-data-srcset=\"https:\/\/i3.wp.com\/mvc.mlcdn.com.br\/ad\/2503_superofertas.png?ssl=1&w=75&resize=75&ssl=1 75w, https:\/\/i3.wp.com\/mvc.mlcdn.com.br\/ad\/2503_superofertas.png?ssl=1&w=100&resize=100&ssl=1 100w, https:\/\/i3.wp.com\/mvc.mlcdn.com.br\/ad\/2503_superofertas.png?ssl=1&w=150&resize=150&ssl=1 150w, https:\/\/i3.wp.com\/mvc.mlcdn.com.br\/ad\/2503_superofertas.png?ssl=1&w=240&resize=240&ssl=1 240w, https:\/\/i3.wp.com\/mvc.mlcdn.com.br\/ad\/2503_superofertas.png?ssl=1&w=320&resize=320&ssl=1 320w, https:\/\/i3.wp.com\/mvc.mlcdn.com.br\/ad\/2503_superofertas.png?ssl=1&w=500&resize=500&ssl=1 500w, https:\/\/i3.wp.com\/mvc.mlcdn.com.br\/ad\/2503_superofertas.png?ssl=1&w=640&resize=640&ssl=1 640w, https:\/\/i3.wp.com\/mvc.mlcdn.com.br\/ad\/2503_superofertas.png?ssl=1&w=800&resize=800&ssl=1 800w, https:\/\/i3.wp.com\/mvc.mlcdn.com.br\/ad\/2503_superofertas.png?ssl=1&w=1024&resize=1024&ssl=1 1024w, https:\/\/i3.wp.com\/mvc.mlcdn.com.br\/ad\/2503_superofertas.png?ssl=1&w=1280&resize=1280&ssl=1 1280w, https:\/\/i3.wp.com\/mvc.mlcdn.com.br\/ad\/2503_superofertas.png?ssl=1&w=1600&resize=1600&ssl=1 1600w\" fifu-data-src=\"https:\/\/i3.wp.com\/mvc.mlcdn.com.br\/ad\/2503_superofertas.png?ssl=1\" alt=\"Pesquise no Magazine eZu\" \/> &#8211; Clique <\/a>.<\/p>\n<hr \/>\n<hr \/>\n<h4>A loja Ferramentas Kennedy oferece a possibilidade de busca mais ampla para <a href=\"https:\/\/www.ferramentaskennedy.com.br\/busca?q=Capacete Moto Fechado Pro Tork Evolution G5 Carbon Evo&amp;utm_campaign=ecompare&amp;utm_medium=maisplataforma&amp;utm_source=mais\" target=\"_blank\" rel=\"noopener\">Capacete Moto Fechado Pro Tork Evolution G5 Carbon Evo, clique e continue <strong>pesquisando&#8230;<\/strong><img decoding=\"async\" src=\"data:image\/gif;base64,R0lGODlhAQABAIAAAAAAAP\/\/\/ywAAAAAAQABAAACAUwAOw==\" fifu-lazy=\"1\" fifu-data-sizes=\"auto\" fifu-data-srcset=\"https:\/\/i1.wp.com\/bucket-seed.s3.us-east-2.amazonaws.com\/ferramentaskennedy.com.br\/network\/share.png?ssl=1&w=75&resize=75&ssl=1 75w, https:\/\/i1.wp.com\/bucket-seed.s3.us-east-2.amazonaws.com\/ferramentaskennedy.com.br\/network\/share.png?ssl=1&w=100&resize=100&ssl=1 100w, https:\/\/i1.wp.com\/bucket-seed.s3.us-east-2.amazonaws.com\/ferramentaskennedy.com.br\/network\/share.png?ssl=1&w=150&resize=150&ssl=1 150w, https:\/\/i1.wp.com\/bucket-seed.s3.us-east-2.amazonaws.com\/ferramentaskennedy.com.br\/network\/share.png?ssl=1&w=240&resize=240&ssl=1 240w, https:\/\/i1.wp.com\/bucket-seed.s3.us-east-2.amazonaws.com\/ferramentaskennedy.com.br\/network\/share.png?ssl=1&w=320&resize=320&ssl=1 320w, https:\/\/i1.wp.com\/bucket-seed.s3.us-east-2.amazonaws.com\/ferramentaskennedy.com.br\/network\/share.png?ssl=1&w=500&resize=500&ssl=1 500w, https:\/\/i1.wp.com\/bucket-seed.s3.us-east-2.amazonaws.com\/ferramentaskennedy.com.br\/network\/share.png?ssl=1&w=640&resize=640&ssl=1 640w, https:\/\/i1.wp.com\/bucket-seed.s3.us-east-2.amazonaws.com\/ferramentaskennedy.com.br\/network\/share.png?ssl=1&w=800&resize=800&ssl=1 800w, https:\/\/i1.wp.com\/bucket-seed.s3.us-east-2.amazonaws.com\/ferramentaskennedy.com.br\/network\/share.png?ssl=1&w=1024&resize=1024&ssl=1 1024w, https:\/\/i1.wp.com\/bucket-seed.s3.us-east-2.amazonaws.com\/ferramentaskennedy.com.br\/network\/share.png?ssl=1&w=1280&resize=1280&ssl=1 1280w, https:\/\/i1.wp.com\/bucket-seed.s3.us-east-2.amazonaws.com\/ferramentaskennedy.com.br\/network\/share.png?ssl=1&w=1600&resize=1600&ssl=1 1600w\" fifu-data-src=\"https:\/\/i1.wp.com\/bucket-seed.s3.us-east-2.amazonaws.com\/ferramentaskennedy.com.br\/network\/share.png?ssl=1\" alt=\"Pesquise na Ferramentas Kennedy\" align=\"center\" \/><\/a><\/h4>\n<hr \/>\n<p>COD25524334611670070770166134435225<\/p>\n","protected":false},"excerpt":{"rendered":"<p><del>R$ 201.06<\/del> nas lojas <a href=\"https:\/\/www.awin1.com\/pclick.php?p=35724683392&#038;a=690303&#038;m=46269\" target=\"_blank\" rel=\"sponsored\">Hipervarejo BR<\/a><\/p>\n","protected":false},"author":1,"featured_media":795708,"comment_status":"closed","ping_status":"closed","sticky":false,"template":"","format":"standard","meta":{"fifu_image_url":"https:\/\/fortbras.vteximg.com.br\/arquivos\/ids\/290958_2","fifu_image_alt":"","footnotes":""},"categories":[2],"tags":[27327,21656,5],"class_list":["post-795707","post","type-post","status-publish","format-standard","has-post-thumbnail","hentry","category-produtos","tag-201-06","tag-capacetes","tag-hipervarejo-br","no-post-thumbnail"],"_links":{"self":[{"href":"https:\/\/truckbrasil.net\/wp\/wp-json\/wp\/v2\/posts\/795707","targetHints":{"allow":["GET"]}}],"collection":[{"href":"https:\/\/truckbrasil.net\/wp\/wp-json\/wp\/v2\/posts"}],"about":[{"href":"https:\/\/truckbrasil.net\/wp\/wp-json\/wp\/v2\/types\/post"}],"author":[{"embeddable":true,"href":"https:\/\/truckbrasil.net\/wp\/wp-json\/wp\/v2\/users\/1"}],"replies":[{"embeddable":true,"href":"https:\/\/truckbrasil.net\/wp\/wp-json\/wp\/v2\/comments?post=795707"}],"version-history":[{"count":0,"href":"https:\/\/truckbrasil.net\/wp\/wp-json\/wp\/v2\/posts\/795707\/revisions"}],"wp:featuredmedia":[{"embeddable":true,"href":"https:\/\/truckbrasil.net\/wp\/wp-json\/wp\/v2\/media\/795708"}],"wp:attachment":[{"href":"https:\/\/truckbrasil.net\/wp\/wp-json\/wp\/v2\/media?parent=795707"}],"wp:term":[{"taxonomy":"category","embeddable":true,"href":"https:\/\/truckbrasil.net\/wp\/wp-json\/wp\/v2\/categories?post=795707"},{"taxonomy":"post_tag","embeddable":true,"href":"https:\/\/truckbrasil.net\/wp\/wp-json\/wp\/v2\/tags?post=795707"}],"curies":[{"name":"wp","href":"https:\/\/api.w.org\/{rel}","templated":true}]}}