{"id":846828,"date":"2026-08-20T10:30:53","date_gmt":"2026-08-20T10:30:53","guid":{"rendered":"https:\/\/truckbrasil.net\/wp\/truck\/2026\/08\/20\/broca-rapida-280mm-x-916-pol-para-madeira-irwin-000399-42224519135\/"},"modified":"2026-08-20T10:30:53","modified_gmt":"2026-08-20T10:30:53","slug":"broca-rapida-280mm-x-916-pol-para-madeira-irwin-000399-42224519135","status":"publish","type":"post","link":"https:\/\/truckbrasil.net\/wp\/truck\/2026\/08\/20\/broca-rapida-280mm-x-916-pol-para-madeira-irwin-000399-42224519135\/","title":{"rendered":"Broca Rapida 280mm x 916 Pol para Madeira IRWIN-000399 &#8211; 42224519135"},"content":{"rendered":"<p><a href=\"https:\/\/www.awin1.com\/pclick.php?p=42224519135&#038;a=690303&#038;m=118895\" target=\"_blank\" rel=\"noopener sponsored\"><\/a><\/p>\n<h2><\/h2>\n<h3>O pre\u00e7o de Broca Rapida 280mm x 916 Pol para Madeira IRWIN-000399\u00a0era de <del><strong>R$ 159.90<\/strong><\/del>. Acesse a loja e veja se o pre\u00e7o ou estoque mudaram: <a href=\"https:\/\/www.awin1.com\/pclick.php?p=42224519135&#038;a=690303&#038;m=118895\" target=\"_blank\" rel=\"noopener sponsored\"><img decoding=\"async\" src=\"data:image\/gif;base64,R0lGODlhAQABAIAAAAAAAP\/\/\/ywAAAAAAQABAAACAUwAOw==\" fifu-lazy=\"1\" fifu-data-sizes=\"auto\" fifu-data-srcset=\"https:\/\/i0.wp.com\/ui.awin.com\/images\/upload\/merchant\/profile\/118895.png?ssl=1&w=75&resize=75&ssl=1 75w, https:\/\/i0.wp.com\/ui.awin.com\/images\/upload\/merchant\/profile\/118895.png?ssl=1&w=100&resize=100&ssl=1 100w, https:\/\/i0.wp.com\/ui.awin.com\/images\/upload\/merchant\/profile\/118895.png?ssl=1&w=150&resize=150&ssl=1 150w, https:\/\/i0.wp.com\/ui.awin.com\/images\/upload\/merchant\/profile\/118895.png?ssl=1&w=240&resize=240&ssl=1 240w, https:\/\/i0.wp.com\/ui.awin.com\/images\/upload\/merchant\/profile\/118895.png?ssl=1&w=320&resize=320&ssl=1 320w, https:\/\/i0.wp.com\/ui.awin.com\/images\/upload\/merchant\/profile\/118895.png?ssl=1&w=500&resize=500&ssl=1 500w, https:\/\/i0.wp.com\/ui.awin.com\/images\/upload\/merchant\/profile\/118895.png?ssl=1&w=640&resize=640&ssl=1 640w, https:\/\/i0.wp.com\/ui.awin.com\/images\/upload\/merchant\/profile\/118895.png?ssl=1&w=800&resize=800&ssl=1 800w, https:\/\/i0.wp.com\/ui.awin.com\/images\/upload\/merchant\/profile\/118895.png?ssl=1&w=1024&resize=1024&ssl=1 1024w, https:\/\/i0.wp.com\/ui.awin.com\/images\/upload\/merchant\/profile\/118895.png?ssl=1&w=1280&resize=1280&ssl=1 1280w, https:\/\/i0.wp.com\/ui.awin.com\/images\/upload\/merchant\/profile\/118895.png?ssl=1&w=1600&resize=1600&ssl=1 1600w\" fifu-data-src=\"https:\/\/i0.wp.com\/ui.awin.com\/images\/upload\/merchant\/profile\/118895.png?ssl=1\" alt=\"Broca Rapida 280mm x 916 Pol para Madeira IRWIN-000399\" \/> &#8211; Loja do Mecanico BR<\/a><\/h3>\n<p>Utilizadas na perfura\u00e7\u00e3o de postes, dormentes para constru\u00e7\u00e3o ou manuten\u00e7\u00e3o de redes ferrovi\u00e1rias, perfura\u00e7\u00e3o de mour\u00f5es, constru\u00e7\u00e3o de cercas, perfura\u00e7\u00e3o de madeiras de grande espessura, etc.\u2022 Produzida em a\u00e7o carbono;\u2022 Tratadas termicamente atrav\u00e9s do processo de t\u00eampera;\u2022 A geometria da rosca e navalhas de corte proporcionam furos r\u00e1pidos e limpos em qualquer tipo de madeira;\u2022 Medida: 280mm x 9\/16&#8243;;\u2022 Marca: IRWIN<\/p>\n<h5>Aproveite e pesquise o pre\u00e7o deste produto em dezenas de lojas dos marketplaces abaixo:<\/h5>\n<p><a href=\"https:\/\/www.magazinevoce.com.br\/magazineezu\/busca\/Broca Rapida 280mm x 916 Pol para Madeira IRWIN-000399\/\" target=\"_blank\" rel=\"noopener\"><img decoding=\"async\" src=\"data:image\/gif;base64,R0lGODlhAQABAIAAAAAAAP\/\/\/ywAAAAAAQABAAACAUwAOw==\" fifu-lazy=\"1\" fifu-data-sizes=\"auto\" fifu-data-srcset=\"https:\/\/i3.wp.com\/mvc.mlcdn.com.br\/ad\/2503_superofertas.png?ssl=1&w=75&resize=75&ssl=1 75w, https:\/\/i3.wp.com\/mvc.mlcdn.com.br\/ad\/2503_superofertas.png?ssl=1&w=100&resize=100&ssl=1 100w, https:\/\/i3.wp.com\/mvc.mlcdn.com.br\/ad\/2503_superofertas.png?ssl=1&w=150&resize=150&ssl=1 150w, https:\/\/i3.wp.com\/mvc.mlcdn.com.br\/ad\/2503_superofertas.png?ssl=1&w=240&resize=240&ssl=1 240w, https:\/\/i3.wp.com\/mvc.mlcdn.com.br\/ad\/2503_superofertas.png?ssl=1&w=320&resize=320&ssl=1 320w, https:\/\/i3.wp.com\/mvc.mlcdn.com.br\/ad\/2503_superofertas.png?ssl=1&w=500&resize=500&ssl=1 500w, https:\/\/i3.wp.com\/mvc.mlcdn.com.br\/ad\/2503_superofertas.png?ssl=1&w=640&resize=640&ssl=1 640w, https:\/\/i3.wp.com\/mvc.mlcdn.com.br\/ad\/2503_superofertas.png?ssl=1&w=800&resize=800&ssl=1 800w, https:\/\/i3.wp.com\/mvc.mlcdn.com.br\/ad\/2503_superofertas.png?ssl=1&w=1024&resize=1024&ssl=1 1024w, https:\/\/i3.wp.com\/mvc.mlcdn.com.br\/ad\/2503_superofertas.png?ssl=1&w=1280&resize=1280&ssl=1 1280w, https:\/\/i3.wp.com\/mvc.mlcdn.com.br\/ad\/2503_superofertas.png?ssl=1&w=1600&resize=1600&ssl=1 1600w\" fifu-data-src=\"https:\/\/i3.wp.com\/mvc.mlcdn.com.br\/ad\/2503_superofertas.png?ssl=1\" alt=\"Pesquise no Magazine eZu\" \/> &#8211; Clique <\/a>.<\/p>\n<hr \/>\n<hr \/>\n<h4>A loja Ferramentas Kennedy oferece a possibilidade de busca mais ampla para <a href=\"https:\/\/www.ferramentaskennedy.com.br\/busca?q=Broca Rapida 280mm x 916 Pol para Madeira IRWIN-000399&amp;utm_campaign=ecompare&amp;utm_medium=maisplataforma&amp;utm_source=mais\" target=\"_blank\" rel=\"noopener\">Broca Rapida 280mm x 916 Pol para Madeira IRWIN-000399, clique e continue <strong>pesquisando&#8230;<\/strong><img decoding=\"async\" src=\"data:image\/gif;base64,R0lGODlhAQABAIAAAAAAAP\/\/\/ywAAAAAAQABAAACAUwAOw==\" fifu-lazy=\"1\" fifu-data-sizes=\"auto\" fifu-data-srcset=\"https:\/\/i1.wp.com\/bucket-seed.s3.us-east-2.amazonaws.com\/ferramentaskennedy.com.br\/network\/share.png?ssl=1&w=75&resize=75&ssl=1 75w, https:\/\/i1.wp.com\/bucket-seed.s3.us-east-2.amazonaws.com\/ferramentaskennedy.com.br\/network\/share.png?ssl=1&w=100&resize=100&ssl=1 100w, https:\/\/i1.wp.com\/bucket-seed.s3.us-east-2.amazonaws.com\/ferramentaskennedy.com.br\/network\/share.png?ssl=1&w=150&resize=150&ssl=1 150w, https:\/\/i1.wp.com\/bucket-seed.s3.us-east-2.amazonaws.com\/ferramentaskennedy.com.br\/network\/share.png?ssl=1&w=240&resize=240&ssl=1 240w, https:\/\/i1.wp.com\/bucket-seed.s3.us-east-2.amazonaws.com\/ferramentaskennedy.com.br\/network\/share.png?ssl=1&w=320&resize=320&ssl=1 320w, https:\/\/i1.wp.com\/bucket-seed.s3.us-east-2.amazonaws.com\/ferramentaskennedy.com.br\/network\/share.png?ssl=1&w=500&resize=500&ssl=1 500w, https:\/\/i1.wp.com\/bucket-seed.s3.us-east-2.amazonaws.com\/ferramentaskennedy.com.br\/network\/share.png?ssl=1&w=640&resize=640&ssl=1 640w, https:\/\/i1.wp.com\/bucket-seed.s3.us-east-2.amazonaws.com\/ferramentaskennedy.com.br\/network\/share.png?ssl=1&w=800&resize=800&ssl=1 800w, https:\/\/i1.wp.com\/bucket-seed.s3.us-east-2.amazonaws.com\/ferramentaskennedy.com.br\/network\/share.png?ssl=1&w=1024&resize=1024&ssl=1 1024w, https:\/\/i1.wp.com\/bucket-seed.s3.us-east-2.amazonaws.com\/ferramentaskennedy.com.br\/network\/share.png?ssl=1&w=1280&resize=1280&ssl=1 1280w, https:\/\/i1.wp.com\/bucket-seed.s3.us-east-2.amazonaws.com\/ferramentaskennedy.com.br\/network\/share.png?ssl=1&w=1600&resize=1600&ssl=1 1600w\" fifu-data-src=\"https:\/\/i1.wp.com\/bucket-seed.s3.us-east-2.amazonaws.com\/ferramentaskennedy.com.br\/network\/share.png?ssl=1\" alt=\"Pesquise na Ferramentas Kennedy\" align=\"center\" \/><\/a><\/h4>\n<hr \/>\n<p>COD25524334611670070770166134435225<\/p>\n","protected":false},"excerpt":{"rendered":"<p><del>R$ 159.90<\/del> nas lojas <a href=\"https:\/\/www.awin1.com\/pclick.php?p=42224519135&#038;a=690303&#038;m=118895\" target=\"_blank\" rel=\"sponsored\">Loja do Mecanico BR<\/a><\/p>\n","protected":false},"author":1,"featured_media":846829,"comment_status":"closed","ping_status":"closed","sticky":false,"template":"","format":"standard","meta":{"fifu_image_url":"https:\/\/img.lojadomecanico.com.br\/IMAGENS\/37\/778\/75359\/1749653470263.JPG","fifu_image_alt":"","footnotes":""},"categories":[2],"tags":[13654,40],"class_list":["post-846828","post","type-post","status-publish","format-standard","has-post-thumbnail","hentry","category-produtos","tag-159-90","tag-loja-do-mecanico-br","no-post-thumbnail"],"_links":{"self":[{"href":"https:\/\/truckbrasil.net\/wp\/wp-json\/wp\/v2\/posts\/846828","targetHints":{"allow":["GET"]}}],"collection":[{"href":"https:\/\/truckbrasil.net\/wp\/wp-json\/wp\/v2\/posts"}],"about":[{"href":"https:\/\/truckbrasil.net\/wp\/wp-json\/wp\/v2\/types\/post"}],"author":[{"embeddable":true,"href":"https:\/\/truckbrasil.net\/wp\/wp-json\/wp\/v2\/users\/1"}],"replies":[{"embeddable":true,"href":"https:\/\/truckbrasil.net\/wp\/wp-json\/wp\/v2\/comments?post=846828"}],"version-history":[{"count":0,"href":"https:\/\/truckbrasil.net\/wp\/wp-json\/wp\/v2\/posts\/846828\/revisions"}],"wp:featuredmedia":[{"embeddable":true,"href":"https:\/\/truckbrasil.net\/wp\/wp-json\/wp\/v2\/media\/846829"}],"wp:attachment":[{"href":"https:\/\/truckbrasil.net\/wp\/wp-json\/wp\/v2\/media?parent=846828"}],"wp:term":[{"taxonomy":"category","embeddable":true,"href":"https:\/\/truckbrasil.net\/wp\/wp-json\/wp\/v2\/categories?post=846828"},{"taxonomy":"post_tag","embeddable":true,"href":"https:\/\/truckbrasil.net\/wp\/wp-json\/wp\/v2\/tags?post=846828"}],"curies":[{"name":"wp","href":"https:\/\/api.w.org\/{rel}","templated":true}]}}