{"id":850388,"date":"2026-08-12T14:36:12","date_gmt":"2026-08-12T14:36:12","guid":{"rendered":"https:\/\/truckbrasil.net\/wp\/truck\/2026\/08\/12\/kit-fasagem-para-troca-de-correia-dentada-bmw-hb-170-42224525585\/"},"modified":"2026-08-12T14:36:12","modified_gmt":"2026-08-12T14:36:12","slug":"kit-fasagem-para-troca-de-correia-dentada-bmw-hb-170-42224525585","status":"publish","type":"post","link":"https:\/\/truckbrasil.net\/wp\/truck\/2026\/08\/12\/kit-fasagem-para-troca-de-correia-dentada-bmw-hb-170-42224525585\/","title":{"rendered":"Kit Fasagem para Troca de Correia Dentada BMW HB-170 &#8211; 42224525585"},"content":{"rendered":"<p><a href=\"https:\/\/www.awin1.com\/pclick.php?p=42224525585&#038;a=690303&#038;m=118895\" target=\"_blank\" rel=\"noopener sponsored\"><\/a><\/p>\n<h2><\/h2>\n<h3>O pre\u00e7o de Kit Fasagem para Troca de Correia Dentada BMW HB-170\u00a0era de <del><strong>R$ 1189.90<\/strong><\/del>. Acesse a loja e veja se o pre\u00e7o ou estoque mudaram: <a href=\"https:\/\/www.awin1.com\/pclick.php?p=42224525585&#038;a=690303&#038;m=118895\" target=\"_blank\" rel=\"noopener sponsored\"><img decoding=\"async\" src=\"data:image\/gif;base64,R0lGODlhAQABAIAAAAAAAP\/\/\/ywAAAAAAQABAAACAUwAOw==\" fifu-lazy=\"1\" fifu-data-sizes=\"auto\" fifu-data-srcset=\"https:\/\/i0.wp.com\/ui.awin.com\/images\/upload\/merchant\/profile\/118895.png?ssl=1&w=75&resize=75&ssl=1 75w, https:\/\/i0.wp.com\/ui.awin.com\/images\/upload\/merchant\/profile\/118895.png?ssl=1&w=100&resize=100&ssl=1 100w, https:\/\/i0.wp.com\/ui.awin.com\/images\/upload\/merchant\/profile\/118895.png?ssl=1&w=150&resize=150&ssl=1 150w, https:\/\/i0.wp.com\/ui.awin.com\/images\/upload\/merchant\/profile\/118895.png?ssl=1&w=240&resize=240&ssl=1 240w, https:\/\/i0.wp.com\/ui.awin.com\/images\/upload\/merchant\/profile\/118895.png?ssl=1&w=320&resize=320&ssl=1 320w, https:\/\/i0.wp.com\/ui.awin.com\/images\/upload\/merchant\/profile\/118895.png?ssl=1&w=500&resize=500&ssl=1 500w, https:\/\/i0.wp.com\/ui.awin.com\/images\/upload\/merchant\/profile\/118895.png?ssl=1&w=640&resize=640&ssl=1 640w, https:\/\/i0.wp.com\/ui.awin.com\/images\/upload\/merchant\/profile\/118895.png?ssl=1&w=800&resize=800&ssl=1 800w, https:\/\/i0.wp.com\/ui.awin.com\/images\/upload\/merchant\/profile\/118895.png?ssl=1&w=1024&resize=1024&ssl=1 1024w, https:\/\/i0.wp.com\/ui.awin.com\/images\/upload\/merchant\/profile\/118895.png?ssl=1&w=1280&resize=1280&ssl=1 1280w, https:\/\/i0.wp.com\/ui.awin.com\/images\/upload\/merchant\/profile\/118895.png?ssl=1&w=1600&resize=1600&ssl=1 1600w\" fifu-data-src=\"https:\/\/i0.wp.com\/ui.awin.com\/images\/upload\/merchant\/profile\/118895.png?ssl=1\" alt=\"Kit Fasagem para Troca de Correia Dentada BMW HB-170\" \/> &#8211; Loja do Mecanico BR<\/a><\/h3>\n<p>Kit fasagem para troca de correias dentadas BMW Modelos: 118i, 120i, 318i, 320i, x1, z4 e 528i Acompanha maleta pl\u00e1stica Ferramentas especiais: Ferramenta de alinhamento do veio de exc\u00eantricos de escape \u2013 BMWn\u00b0119291\/3 Ferramenta de alinhamento do veio de exc\u00eantricos de admiss\u00e3o \u2013 BMWn\u00b0119292 Ferramenta de rota\u00e7\u00e3o do veio de exc\u00eantricos de admiss\u00e3o \u2013 BMWn\u00b0119270 Cavilha de ponto do volante do motor\/prato de acionamento n\u00b0115120 Ferramenta de alinhamento do redutor do sensor-BMWn\u00b0119350 Ferramenta de pr\u00e9-esticamento da corrente da distribui\u00e7\u00e3o-BMWn\u00b0119340 Garantia: 3 meses de garantia legal por lei, contando a partir da data de emiss\u00e3o da Nota Fiscal de Venda contra defeitos de fabrica\u00e7\u00e3o Marca: HB<\/p>\n<h5>Aproveite e pesquise o pre\u00e7o deste produto em dezenas de lojas dos marketplaces abaixo:<\/h5>\n<p><a href=\"https:\/\/www.magazinevoce.com.br\/magazineezu\/busca\/Kit Fasagem para Troca de Correia Dentada BMW HB-170\/\" target=\"_blank\" rel=\"noopener\"><img decoding=\"async\" src=\"data:image\/gif;base64,R0lGODlhAQABAIAAAAAAAP\/\/\/ywAAAAAAQABAAACAUwAOw==\" fifu-lazy=\"1\" fifu-data-sizes=\"auto\" fifu-data-srcset=\"https:\/\/i3.wp.com\/mvc.mlcdn.com.br\/ad\/2503_superofertas.png?ssl=1&w=75&resize=75&ssl=1 75w, https:\/\/i3.wp.com\/mvc.mlcdn.com.br\/ad\/2503_superofertas.png?ssl=1&w=100&resize=100&ssl=1 100w, https:\/\/i3.wp.com\/mvc.mlcdn.com.br\/ad\/2503_superofertas.png?ssl=1&w=150&resize=150&ssl=1 150w, https:\/\/i3.wp.com\/mvc.mlcdn.com.br\/ad\/2503_superofertas.png?ssl=1&w=240&resize=240&ssl=1 240w, https:\/\/i3.wp.com\/mvc.mlcdn.com.br\/ad\/2503_superofertas.png?ssl=1&w=320&resize=320&ssl=1 320w, https:\/\/i3.wp.com\/mvc.mlcdn.com.br\/ad\/2503_superofertas.png?ssl=1&w=500&resize=500&ssl=1 500w, https:\/\/i3.wp.com\/mvc.mlcdn.com.br\/ad\/2503_superofertas.png?ssl=1&w=640&resize=640&ssl=1 640w, https:\/\/i3.wp.com\/mvc.mlcdn.com.br\/ad\/2503_superofertas.png?ssl=1&w=800&resize=800&ssl=1 800w, https:\/\/i3.wp.com\/mvc.mlcdn.com.br\/ad\/2503_superofertas.png?ssl=1&w=1024&resize=1024&ssl=1 1024w, https:\/\/i3.wp.com\/mvc.mlcdn.com.br\/ad\/2503_superofertas.png?ssl=1&w=1280&resize=1280&ssl=1 1280w, https:\/\/i3.wp.com\/mvc.mlcdn.com.br\/ad\/2503_superofertas.png?ssl=1&w=1600&resize=1600&ssl=1 1600w\" fifu-data-src=\"https:\/\/i3.wp.com\/mvc.mlcdn.com.br\/ad\/2503_superofertas.png?ssl=1\" alt=\"Pesquise no Magazine eZu\" \/> &#8211; Clique <\/a>.<\/p>\n<hr \/>\n<hr \/>\n<h4>A loja Ferramentas Kennedy oferece a possibilidade de busca mais ampla para <a href=\"https:\/\/www.ferramentaskennedy.com.br\/busca?q=Kit Fasagem para Troca de Correia Dentada BMW HB-170&amp;utm_campaign=ecompare&amp;utm_medium=maisplataforma&amp;utm_source=mais\" target=\"_blank\" rel=\"noopener\">Kit Fasagem para Troca de Correia Dentada BMW HB-170, clique e continue <strong>pesquisando&#8230;<\/strong><img decoding=\"async\" src=\"data:image\/gif;base64,R0lGODlhAQABAIAAAAAAAP\/\/\/ywAAAAAAQABAAACAUwAOw==\" fifu-lazy=\"1\" fifu-data-sizes=\"auto\" fifu-data-srcset=\"https:\/\/i1.wp.com\/bucket-seed.s3.us-east-2.amazonaws.com\/ferramentaskennedy.com.br\/network\/share.png?ssl=1&w=75&resize=75&ssl=1 75w, https:\/\/i1.wp.com\/bucket-seed.s3.us-east-2.amazonaws.com\/ferramentaskennedy.com.br\/network\/share.png?ssl=1&w=100&resize=100&ssl=1 100w, https:\/\/i1.wp.com\/bucket-seed.s3.us-east-2.amazonaws.com\/ferramentaskennedy.com.br\/network\/share.png?ssl=1&w=150&resize=150&ssl=1 150w, https:\/\/i1.wp.com\/bucket-seed.s3.us-east-2.amazonaws.com\/ferramentaskennedy.com.br\/network\/share.png?ssl=1&w=240&resize=240&ssl=1 240w, https:\/\/i1.wp.com\/bucket-seed.s3.us-east-2.amazonaws.com\/ferramentaskennedy.com.br\/network\/share.png?ssl=1&w=320&resize=320&ssl=1 320w, https:\/\/i1.wp.com\/bucket-seed.s3.us-east-2.amazonaws.com\/ferramentaskennedy.com.br\/network\/share.png?ssl=1&w=500&resize=500&ssl=1 500w, https:\/\/i1.wp.com\/bucket-seed.s3.us-east-2.amazonaws.com\/ferramentaskennedy.com.br\/network\/share.png?ssl=1&w=640&resize=640&ssl=1 640w, https:\/\/i1.wp.com\/bucket-seed.s3.us-east-2.amazonaws.com\/ferramentaskennedy.com.br\/network\/share.png?ssl=1&w=800&resize=800&ssl=1 800w, https:\/\/i1.wp.com\/bucket-seed.s3.us-east-2.amazonaws.com\/ferramentaskennedy.com.br\/network\/share.png?ssl=1&w=1024&resize=1024&ssl=1 1024w, https:\/\/i1.wp.com\/bucket-seed.s3.us-east-2.amazonaws.com\/ferramentaskennedy.com.br\/network\/share.png?ssl=1&w=1280&resize=1280&ssl=1 1280w, https:\/\/i1.wp.com\/bucket-seed.s3.us-east-2.amazonaws.com\/ferramentaskennedy.com.br\/network\/share.png?ssl=1&w=1600&resize=1600&ssl=1 1600w\" fifu-data-src=\"https:\/\/i1.wp.com\/bucket-seed.s3.us-east-2.amazonaws.com\/ferramentaskennedy.com.br\/network\/share.png?ssl=1\" alt=\"Pesquise na Ferramentas Kennedy\" align=\"center\" \/><\/a><\/h4>\n<hr \/>\n<p>COD25524334611670070770166134435225<\/p>\n","protected":false},"excerpt":{"rendered":"<p><del>R$ 1189.90<\/del> nas lojas <a href=\"https:\/\/www.awin1.com\/pclick.php?p=42224525585&#038;a=690303&#038;m=118895\" target=\"_blank\" rel=\"sponsored\">Loja do Mecanico BR<\/a><\/p>\n","protected":false},"author":1,"featured_media":850389,"comment_status":"closed","ping_status":"closed","sticky":false,"template":"","format":"standard","meta":{"fifu_image_url":"https:\/\/img.lojadomecanico.com.br\/IMAGENS\/1\/41\/95480\/Kit-Fasagem-para-Troca-de-Correia-Dentad-hb-1701.JPG","fifu_image_alt":"","footnotes":""},"categories":[2],"tags":[36358,40],"class_list":["post-850388","post","type-post","status-publish","format-standard","has-post-thumbnail","hentry","category-produtos","tag-1189-90","tag-loja-do-mecanico-br","no-post-thumbnail"],"_links":{"self":[{"href":"https:\/\/truckbrasil.net\/wp\/wp-json\/wp\/v2\/posts\/850388","targetHints":{"allow":["GET"]}}],"collection":[{"href":"https:\/\/truckbrasil.net\/wp\/wp-json\/wp\/v2\/posts"}],"about":[{"href":"https:\/\/truckbrasil.net\/wp\/wp-json\/wp\/v2\/types\/post"}],"author":[{"embeddable":true,"href":"https:\/\/truckbrasil.net\/wp\/wp-json\/wp\/v2\/users\/1"}],"replies":[{"embeddable":true,"href":"https:\/\/truckbrasil.net\/wp\/wp-json\/wp\/v2\/comments?post=850388"}],"version-history":[{"count":0,"href":"https:\/\/truckbrasil.net\/wp\/wp-json\/wp\/v2\/posts\/850388\/revisions"}],"wp:featuredmedia":[{"embeddable":true,"href":"https:\/\/truckbrasil.net\/wp\/wp-json\/wp\/v2\/media\/850389"}],"wp:attachment":[{"href":"https:\/\/truckbrasil.net\/wp\/wp-json\/wp\/v2\/media?parent=850388"}],"wp:term":[{"taxonomy":"category","embeddable":true,"href":"https:\/\/truckbrasil.net\/wp\/wp-json\/wp\/v2\/categories?post=850388"},{"taxonomy":"post_tag","embeddable":true,"href":"https:\/\/truckbrasil.net\/wp\/wp-json\/wp\/v2\/tags?post=850388"}],"curies":[{"name":"wp","href":"https:\/\/api.w.org\/{rel}","templated":true}]}}