{"id":852264,"date":"2026-08-17T10:33:16","date_gmt":"2026-08-17T10:33:16","guid":{"rendered":"https:\/\/truckbrasil.net\/wp\/truck\/2026\/08\/17\/alicate-de-corte-frontal-kraft-160-mm-isolado-gedore-091875-42224523675\/"},"modified":"2026-08-17T10:33:16","modified_gmt":"2026-08-17T10:33:16","slug":"alicate-de-corte-frontal-kraft-160-mm-isolado-gedore-091875-42224523675","status":"publish","type":"post","link":"https:\/\/truckbrasil.net\/wp\/truck\/2026\/08\/17\/alicate-de-corte-frontal-kraft-160-mm-isolado-gedore-091875-42224523675\/","title":{"rendered":"Alicate de Corte Frontal Kraft 160 mm Isolado GEDORE-091875 &#8211; 42224523675"},"content":{"rendered":"<p><a href=\"https:\/\/www.awin1.com\/pclick.php?p=42224523675&#038;a=690303&#038;m=118895\" target=\"_blank\" rel=\"noopener sponsored\"><\/a><\/p>\n<h2><\/h2>\n<h3>O pre\u00e7o de Alicate de Corte Frontal Kraft 160 mm Isolado GEDORE-091875\u00a0era de <del><strong>R$ 409.90<\/strong><\/del>. Acesse a loja e veja se o pre\u00e7o ou estoque mudaram: <a href=\"https:\/\/www.awin1.com\/pclick.php?p=42224523675&#038;a=690303&#038;m=118895\" target=\"_blank\" rel=\"noopener sponsored\"><img decoding=\"async\" src=\"data:image\/gif;base64,R0lGODlhAQABAIAAAAAAAP\/\/\/ywAAAAAAQABAAACAUwAOw==\" fifu-lazy=\"1\" fifu-data-sizes=\"auto\" fifu-data-srcset=\"https:\/\/i0.wp.com\/ui.awin.com\/images\/upload\/merchant\/profile\/118895.png?ssl=1&w=75&resize=75&ssl=1 75w, https:\/\/i0.wp.com\/ui.awin.com\/images\/upload\/merchant\/profile\/118895.png?ssl=1&w=100&resize=100&ssl=1 100w, https:\/\/i0.wp.com\/ui.awin.com\/images\/upload\/merchant\/profile\/118895.png?ssl=1&w=150&resize=150&ssl=1 150w, https:\/\/i0.wp.com\/ui.awin.com\/images\/upload\/merchant\/profile\/118895.png?ssl=1&w=240&resize=240&ssl=1 240w, https:\/\/i0.wp.com\/ui.awin.com\/images\/upload\/merchant\/profile\/118895.png?ssl=1&w=320&resize=320&ssl=1 320w, https:\/\/i0.wp.com\/ui.awin.com\/images\/upload\/merchant\/profile\/118895.png?ssl=1&w=500&resize=500&ssl=1 500w, https:\/\/i0.wp.com\/ui.awin.com\/images\/upload\/merchant\/profile\/118895.png?ssl=1&w=640&resize=640&ssl=1 640w, https:\/\/i0.wp.com\/ui.awin.com\/images\/upload\/merchant\/profile\/118895.png?ssl=1&w=800&resize=800&ssl=1 800w, https:\/\/i0.wp.com\/ui.awin.com\/images\/upload\/merchant\/profile\/118895.png?ssl=1&w=1024&resize=1024&ssl=1 1024w, https:\/\/i0.wp.com\/ui.awin.com\/images\/upload\/merchant\/profile\/118895.png?ssl=1&w=1280&resize=1280&ssl=1 1280w, https:\/\/i0.wp.com\/ui.awin.com\/images\/upload\/merchant\/profile\/118895.png?ssl=1&w=1600&resize=1600&ssl=1 1600w\" fifu-data-src=\"https:\/\/i0.wp.com\/ui.awin.com\/images\/upload\/merchant\/profile\/118895.png?ssl=1\" alt=\"Alicate de Corte Frontal Kraft 160 mm Isolado GEDORE-091875\" \/> &#8211; Loja do Mecanico BR<\/a><\/h3>\n<p>Alicate de Corte Frontal Kraft Isolado Alicate de corte frontal kraft isolado de 160 mm permite capacidade mais elevadas de corte, por causa do sistema Kraft \u201cPower Pliers\u201d. A geometria do corte est\u00e1 posicionada perpendicularmente ao plano do alicate. Indicado para corte de arame duro e corda de piano, com di\u00e2metro m\u00e1ximo de 1,6 mm e com resist\u00eancia \u00e0 tra\u00e7\u00e3o 2300 N\/mm\u00b2. Corpo em a\u00e7o Gedore-van\u00e1dio e empunhadura em pol\u00edmero anti-chamas. Acabamento niquelado, cromado e polido. Empunhadura ergon\u00f4mica produzida por imers\u00e3o, proporcionando isola\u00e7\u00e3o at\u00e9 1000 V, conforme norma EM 60900 \/ IEC 60900, NR 10 Seguran\u00e7a em Instala\u00e7\u00f5es e Servi\u00e7os em Eletricidade e possui certificado de isola\u00e7\u00e3o. Possui abas protetoras para dar mais seguran\u00e7a no seu manuseio. Sistema Kraft \u201cPower Pliers\u201d Corpo em a\u00e7o Gedore-van\u00e1dio Cabo com mais ergonomia e f\u00e1cil de limpar Corte super resistente: Dupla t\u00eampera: Total no corpo + especial no corte. Empunhadura em pol\u00edmero anti-chamas Cabo isolado para 1000V Atende \u00e0s norma EM 60900 \/ IEC 60900 \/ NR10 e certificado de isola\u00e7\u00e3o Cont\u00e9m abas protetoras: mais seguran\u00e7a Garantia: 12 meses (3 meses de garantia legal por lei, contando a partir da data de emiss\u00e3o da Nota Fiscal de Venda e 9 meses de garantia concedido pelo fabricante contra defeito de fabrica\u00e7\u00e3o) Marca: GEDORE<\/p>\n<h5>Aproveite e pesquise o pre\u00e7o deste produto em dezenas de lojas dos marketplaces abaixo:<\/h5>\n<p><a href=\"https:\/\/www.magazinevoce.com.br\/magazineezu\/busca\/Alicate de Corte Frontal Kraft 160 mm Isolado GEDORE-091875\/\" target=\"_blank\" rel=\"noopener\"><img decoding=\"async\" src=\"data:image\/gif;base64,R0lGODlhAQABAIAAAAAAAP\/\/\/ywAAAAAAQABAAACAUwAOw==\" fifu-lazy=\"1\" fifu-data-sizes=\"auto\" fifu-data-srcset=\"https:\/\/i3.wp.com\/mvc.mlcdn.com.br\/ad\/2503_superofertas.png?ssl=1&w=75&resize=75&ssl=1 75w, https:\/\/i3.wp.com\/mvc.mlcdn.com.br\/ad\/2503_superofertas.png?ssl=1&w=100&resize=100&ssl=1 100w, https:\/\/i3.wp.com\/mvc.mlcdn.com.br\/ad\/2503_superofertas.png?ssl=1&w=150&resize=150&ssl=1 150w, https:\/\/i3.wp.com\/mvc.mlcdn.com.br\/ad\/2503_superofertas.png?ssl=1&w=240&resize=240&ssl=1 240w, https:\/\/i3.wp.com\/mvc.mlcdn.com.br\/ad\/2503_superofertas.png?ssl=1&w=320&resize=320&ssl=1 320w, https:\/\/i3.wp.com\/mvc.mlcdn.com.br\/ad\/2503_superofertas.png?ssl=1&w=500&resize=500&ssl=1 500w, https:\/\/i3.wp.com\/mvc.mlcdn.com.br\/ad\/2503_superofertas.png?ssl=1&w=640&resize=640&ssl=1 640w, https:\/\/i3.wp.com\/mvc.mlcdn.com.br\/ad\/2503_superofertas.png?ssl=1&w=800&resize=800&ssl=1 800w, https:\/\/i3.wp.com\/mvc.mlcdn.com.br\/ad\/2503_superofertas.png?ssl=1&w=1024&resize=1024&ssl=1 1024w, https:\/\/i3.wp.com\/mvc.mlcdn.com.br\/ad\/2503_superofertas.png?ssl=1&w=1280&resize=1280&ssl=1 1280w, https:\/\/i3.wp.com\/mvc.mlcdn.com.br\/ad\/2503_superofertas.png?ssl=1&w=1600&resize=1600&ssl=1 1600w\" fifu-data-src=\"https:\/\/i3.wp.com\/mvc.mlcdn.com.br\/ad\/2503_superofertas.png?ssl=1\" alt=\"Pesquise no Magazine eZu\" \/> &#8211; Clique <\/a>.<\/p>\n<hr \/>\n<hr \/>\n<h4>A loja Ferramentas Kennedy oferece a possibilidade de busca mais ampla para <a href=\"https:\/\/www.ferramentaskennedy.com.br\/busca?q=Alicate de Corte Frontal Kraft 160 mm Isolado GEDORE-091875&amp;utm_campaign=ecompare&amp;utm_medium=maisplataforma&amp;utm_source=mais\" target=\"_blank\" rel=\"noopener\">Alicate de Corte Frontal Kraft 160 mm Isolado GEDORE-091875, clique e continue <strong>pesquisando&#8230;<\/strong><img decoding=\"async\" src=\"data:image\/gif;base64,R0lGODlhAQABAIAAAAAAAP\/\/\/ywAAAAAAQABAAACAUwAOw==\" fifu-lazy=\"1\" fifu-data-sizes=\"auto\" fifu-data-srcset=\"https:\/\/i1.wp.com\/bucket-seed.s3.us-east-2.amazonaws.com\/ferramentaskennedy.com.br\/network\/share.png?ssl=1&w=75&resize=75&ssl=1 75w, https:\/\/i1.wp.com\/bucket-seed.s3.us-east-2.amazonaws.com\/ferramentaskennedy.com.br\/network\/share.png?ssl=1&w=100&resize=100&ssl=1 100w, https:\/\/i1.wp.com\/bucket-seed.s3.us-east-2.amazonaws.com\/ferramentaskennedy.com.br\/network\/share.png?ssl=1&w=150&resize=150&ssl=1 150w, https:\/\/i1.wp.com\/bucket-seed.s3.us-east-2.amazonaws.com\/ferramentaskennedy.com.br\/network\/share.png?ssl=1&w=240&resize=240&ssl=1 240w, https:\/\/i1.wp.com\/bucket-seed.s3.us-east-2.amazonaws.com\/ferramentaskennedy.com.br\/network\/share.png?ssl=1&w=320&resize=320&ssl=1 320w, https:\/\/i1.wp.com\/bucket-seed.s3.us-east-2.amazonaws.com\/ferramentaskennedy.com.br\/network\/share.png?ssl=1&w=500&resize=500&ssl=1 500w, https:\/\/i1.wp.com\/bucket-seed.s3.us-east-2.amazonaws.com\/ferramentaskennedy.com.br\/network\/share.png?ssl=1&w=640&resize=640&ssl=1 640w, https:\/\/i1.wp.com\/bucket-seed.s3.us-east-2.amazonaws.com\/ferramentaskennedy.com.br\/network\/share.png?ssl=1&w=800&resize=800&ssl=1 800w, https:\/\/i1.wp.com\/bucket-seed.s3.us-east-2.amazonaws.com\/ferramentaskennedy.com.br\/network\/share.png?ssl=1&w=1024&resize=1024&ssl=1 1024w, https:\/\/i1.wp.com\/bucket-seed.s3.us-east-2.amazonaws.com\/ferramentaskennedy.com.br\/network\/share.png?ssl=1&w=1280&resize=1280&ssl=1 1280w, https:\/\/i1.wp.com\/bucket-seed.s3.us-east-2.amazonaws.com\/ferramentaskennedy.com.br\/network\/share.png?ssl=1&w=1600&resize=1600&ssl=1 1600w\" fifu-data-src=\"https:\/\/i1.wp.com\/bucket-seed.s3.us-east-2.amazonaws.com\/ferramentaskennedy.com.br\/network\/share.png?ssl=1\" alt=\"Pesquise na Ferramentas Kennedy\" align=\"center\" \/><\/a><\/h4>\n<hr \/>\n<p>COD25524334611670070770166134435225<\/p>\n","protected":false},"excerpt":{"rendered":"<p><del>R$ 409.90<\/del> nas lojas <a href=\"https:\/\/www.awin1.com\/pclick.php?p=42224523675&#038;a=690303&#038;m=118895\" target=\"_blank\" rel=\"sponsored\">Loja do Mecanico BR<\/a><\/p>\n","protected":false},"author":1,"featured_media":852265,"comment_status":"closed","ping_status":"closed","sticky":false,"template":"","format":"standard","meta":{"fifu_image_url":"https:\/\/img.lojadomecanico.com.br\/IMAGENS\/2\/468\/102934\/Alicate-de-Corte-Frontal-Kraft-160-mm-Is-gedore-0918751.JPG","fifu_image_alt":"","footnotes":""},"categories":[2],"tags":[14128,40],"class_list":["post-852264","post","type-post","status-publish","format-standard","has-post-thumbnail","hentry","category-produtos","tag-409-90","tag-loja-do-mecanico-br","no-post-thumbnail"],"_links":{"self":[{"href":"https:\/\/truckbrasil.net\/wp\/wp-json\/wp\/v2\/posts\/852264","targetHints":{"allow":["GET"]}}],"collection":[{"href":"https:\/\/truckbrasil.net\/wp\/wp-json\/wp\/v2\/posts"}],"about":[{"href":"https:\/\/truckbrasil.net\/wp\/wp-json\/wp\/v2\/types\/post"}],"author":[{"embeddable":true,"href":"https:\/\/truckbrasil.net\/wp\/wp-json\/wp\/v2\/users\/1"}],"replies":[{"embeddable":true,"href":"https:\/\/truckbrasil.net\/wp\/wp-json\/wp\/v2\/comments?post=852264"}],"version-history":[{"count":0,"href":"https:\/\/truckbrasil.net\/wp\/wp-json\/wp\/v2\/posts\/852264\/revisions"}],"wp:featuredmedia":[{"embeddable":true,"href":"https:\/\/truckbrasil.net\/wp\/wp-json\/wp\/v2\/media\/852265"}],"wp:attachment":[{"href":"https:\/\/truckbrasil.net\/wp\/wp-json\/wp\/v2\/media?parent=852264"}],"wp:term":[{"taxonomy":"category","embeddable":true,"href":"https:\/\/truckbrasil.net\/wp\/wp-json\/wp\/v2\/categories?post=852264"},{"taxonomy":"post_tag","embeddable":true,"href":"https:\/\/truckbrasil.net\/wp\/wp-json\/wp\/v2\/tags?post=852264"}],"curies":[{"name":"wp","href":"https:\/\/api.w.org\/{rel}","templated":true}]}}