{"id":855372,"date":"2026-08-06T15:15:32","date_gmt":"2026-08-06T15:15:32","guid":{"rendered":"https:\/\/truckbrasil.net\/wp\/truck\/2026\/08\/06\/caixa-plastica-para-ferramentas-16-polegadas-stanley-stst80345-40-45688802814\/"},"modified":"2026-08-06T15:15:32","modified_gmt":"2026-08-06T15:15:32","slug":"caixa-plastica-para-ferramentas-16-polegadas-stanley-stst80345-40-45688802814","status":"publish","type":"post","link":"https:\/\/truckbrasil.net\/wp\/truck\/2026\/08\/06\/caixa-plastica-para-ferramentas-16-polegadas-stanley-stst80345-40-45688802814\/","title":{"rendered":"Caixa Plastica para Ferramentas 16 Polegadas STANLEY-STST80345-40 &#8211; 45688802814"},"content":{"rendered":"<p><a href=\"https:\/\/www.awin1.com\/pclick.php?p=45688802814&#038;a=690303&#038;m=118895\" target=\"_blank\" rel=\"noopener sponsored\"><\/a><\/p>\n<h2><\/h2>\n<h3>O pre\u00e7o de Caixa Plastica para Ferramentas 16 Polegadas STANLEY-STST80345-40\u00a0era de <del><strong>R$ 72.90<\/strong><\/del>. Acesse a loja e veja se o pre\u00e7o ou estoque mudaram: <a href=\"https:\/\/www.awin1.com\/pclick.php?p=45688802814&#038;a=690303&#038;m=118895\" target=\"_blank\" rel=\"noopener sponsored\"><img decoding=\"async\" src=\"data:image\/gif;base64,R0lGODlhAQABAIAAAAAAAP\/\/\/ywAAAAAAQABAAACAUwAOw==\" fifu-lazy=\"1\" fifu-data-sizes=\"auto\" fifu-data-srcset=\"https:\/\/i0.wp.com\/ui.awin.com\/images\/upload\/merchant\/profile\/118895.png?ssl=1&w=75&resize=75&ssl=1 75w, https:\/\/i0.wp.com\/ui.awin.com\/images\/upload\/merchant\/profile\/118895.png?ssl=1&w=100&resize=100&ssl=1 100w, https:\/\/i0.wp.com\/ui.awin.com\/images\/upload\/merchant\/profile\/118895.png?ssl=1&w=150&resize=150&ssl=1 150w, https:\/\/i0.wp.com\/ui.awin.com\/images\/upload\/merchant\/profile\/118895.png?ssl=1&w=240&resize=240&ssl=1 240w, https:\/\/i0.wp.com\/ui.awin.com\/images\/upload\/merchant\/profile\/118895.png?ssl=1&w=320&resize=320&ssl=1 320w, https:\/\/i0.wp.com\/ui.awin.com\/images\/upload\/merchant\/profile\/118895.png?ssl=1&w=500&resize=500&ssl=1 500w, https:\/\/i0.wp.com\/ui.awin.com\/images\/upload\/merchant\/profile\/118895.png?ssl=1&w=640&resize=640&ssl=1 640w, https:\/\/i0.wp.com\/ui.awin.com\/images\/upload\/merchant\/profile\/118895.png?ssl=1&w=800&resize=800&ssl=1 800w, https:\/\/i0.wp.com\/ui.awin.com\/images\/upload\/merchant\/profile\/118895.png?ssl=1&w=1024&resize=1024&ssl=1 1024w, https:\/\/i0.wp.com\/ui.awin.com\/images\/upload\/merchant\/profile\/118895.png?ssl=1&w=1280&resize=1280&ssl=1 1280w, https:\/\/i0.wp.com\/ui.awin.com\/images\/upload\/merchant\/profile\/118895.png?ssl=1&w=1600&resize=1600&ssl=1 1600w\" fifu-data-src=\"https:\/\/i0.wp.com\/ui.awin.com\/images\/upload\/merchant\/profile\/118895.png?ssl=1\" alt=\"Caixa Plastica para Ferramentas 16 Polegadas STANLEY-STST80345-40\" \/> &#8211; Loja do Mecanico BR<\/a><\/h3>\n<p>Acabamentos bem executados exigem ferramentas que proporcionem cortes precisos e maior controle durante o trabalho. O cortador profissional PEC-53 para porcelanato e piso cer\u00e2mico foi produzido para auxiliar em servi\u00e7os de instala\u00e7\u00e3o, oferecendo praticidade e efici\u00eancia em cortes retos e diagonais. Sua capacidade para materiais com at\u00e9 10 mm de espessura e comprimento de at\u00e9 53 cm favorece aplica\u00e7\u00f5es em obras, reformas e acabamentos profissionais. A estrutura funcional do cortador manual para pisos cer\u00e2micos permite realizar corte e separa\u00e7\u00e3o diretamente na pr\u00f3pria base, agilizando o processo de instala\u00e7\u00e3o e reduzindo etapas durante a utiliza\u00e7\u00e3o. Esse sistema contribui para maior produtividade no assentamento de revestimentos, provendo mais rapidez nos servi\u00e7os realizados por profissionais da constru\u00e7\u00e3o civil e acabamento. Outro diferencial importante do cortador de porcelanato profissional PEC-53 est\u00e1 no limitador lateral integrado, recurso que auxilia na obten\u00e7\u00e3o de medidas uniformes e cortes mais precisos. Essa caracter\u00edstica favorece alinhamentos mais consistentes e melhora a qualidade do acabamento em diferentes tipos de revestimentos cer\u00e2micos. Al\u00e9m disso, o equipamento facilita cortes retos e diagonais, fornecendo mais flexibilidade para aplica\u00e7\u00f5es variadas em pisos e porcelanatos. Aplica\u00e7\u00f5es em obras residenciais, reformas comerciais e instala\u00e7\u00f5es profissionais tornam o cortador de piso manual 53 cm uma ferramenta indispens\u00e1vel para quem busca precis\u00e3o e praticidade no dia a dia. Aproveite tamb\u00e9m para conhecer nossas categorias de serras para porcelanato, n\u00edveis a laser, desempenadeiras, espa\u00e7adores para piso e ferramentas para constru\u00e7\u00e3o civil dispon\u00edveis na Loja do Mec\u00e2nico. Benef\u00edcios e Destaques do Produto Estrutura em polipropileno resistente Travas met\u00e1licas em a\u00e7o Capacidade para at\u00e9 10 kg Excelente organiza\u00e7\u00e3o de ferramentas Compacta e f\u00e1cil de transportar Maior praticidade operacional Ideal para oficinas e manuten\u00e7\u00e3o Visual moderno preto\/amarelo Aplica\u00e7\u00f5es do Produto Armazenamento de ferramentas manuais Organiza\u00e7\u00e3o de acess\u00f3rios t\u00e9cnicos Uso em oficinas mec\u00e2nicas Aplica\u00e7\u00f5es em manuten\u00e7\u00e3o residencial Transporte de utens\u00edlios profissionais Organiza\u00e7\u00e3o em ve\u00edculos de servi\u00e7o Especifica\u00e7\u00f5es T\u00e9cnicas Comprimento: 410 mm Largura: 230 mm Altura: 200 mm Capacidade: 8 litros Carga m\u00e1xima: 10 kg Material: Polipropileno Cor: Preto e amarelo Material das travas: A\u00e7o Conte\u00fado da Embalagem 1 Caixa Pl\u00e1stica para Ferramentas 16&#8243; Garantia 1 ano, j\u00e1 incluso o per\u00edodo legal C\u00f3digo de Barras 888317001688 Perguntas Frequentes FAQs O que \u00e9 a Caixa Pl\u00e1stica para Ferramentas 16 Polegadas? \u00c9 uma caixa organizadora desenvolvida para armazenar, proteger e transportar ferramentas manuais e acess\u00f3rios de forma pr\u00e1tica e segura. Para que serve a Caixa Pl\u00e1stica para Ferramentas 16 Pol? Serve para organizar ferramentas, pe\u00e7as e acess\u00f3rios em oficinas, resid\u00eancias, manuten\u00e7\u00f5es e atividades profissionais. Como funciona a Caixa Pl\u00e1stica para Ferramentas? O equipamento possui compartimentos internos, bandeja remov\u00edvel e tampa com trava para facilitar a organiza\u00e7\u00e3o e o transporte das ferramentas. Quando devo usar esse tipo de caixa organizadora? Ela deve ser utilizada em situa\u00e7\u00f5es que exigem armazenamento seguro e f\u00e1cil transporte de ferramentas e acess\u00f3rios. Quais as vantagens da Caixa Pl\u00e1stica para Ferramentas 16 Polegadas? As principais vantagens incluem praticidade, leveza, resist\u00eancia a impactos e melhor organiza\u00e7\u00e3o das ferramentas. A caixa pl\u00e1stica facilita o transporte das ferramentas? Sim, ela possui al\u00e7a resistente que facilita o deslocamento das ferramentas no dia a dia. A bandeja interna ajuda na organiza\u00e7\u00e3o? Sim, a bandeja remov\u00edvel permite separar pe\u00e7as menores e acess\u00f3rios de uso frequente. Qual o diferencial da tampa com organizador? O organizador na tampa facilita o armazenamento de parafusos, buchas e pequenos componentes. A caixa ajuda a proteger as ferramentas contra poeira? Sim, a tampa com travas auxilia na prote\u00e7\u00e3o dos itens armazenados. Esse equipamento melhora a organiza\u00e7\u00e3o no trabalho? Sim, ele facilita a separa\u00e7\u00e3o e o acesso r\u00e1pido \u00e0s ferramentas durante os servi\u00e7os. A Caixa Pl\u00e1stica para Ferramentas \u00e9 resistente? Sim, ela normalmente \u00e9 fabricada em pl\u00e1stico PP refor\u00e7ado para suportar impactos e uso frequente. Esse modelo pode ser utilizado em oficinas mec\u00e2nicas? Sim, ela \u00e9 indicada para oficinas, manuten\u00e7\u00e3o residencial, el\u00e9trica e servi\u00e7os em geral. As travas oferecem boa seguran\u00e7a no fechamento? Sim, diversos modelos possuem travas refor\u00e7adas para manter a tampa bem fechada durante o transporte. O equipamento possui boa durabilidade? Sim, sua estrutura pl\u00e1stica refor\u00e7ada proporciona longa vida \u00fatil mesmo em uso cont\u00ednuo. A caixa suporta uso frequente? Sim, ela foi desenvolvida para aplica\u00e7\u00f5es profissionais e dom\u00e9sticas. Qual o tamanho da Caixa Pl\u00e1stica para Ferramentas? O modelo possui aproximadamente 16 polegadas ou cerca de 40 cm de comprimento. Qual material \u00e9 utilizado na fabrica\u00e7\u00e3o da caixa? A caixa normalmente \u00e9 fabricada em polipropileno ou pl\u00e1stico de alta resist\u00eancia. O equipamento possui bandeja remov\u00edvel? Sim, diversos modelos contam com bandeja interna remov\u00edvel para organiza\u00e7\u00e3o. A caixa possui capacidade para ferramentas manuais? Sim, ela \u00e9 indicada para armazenamento de ferramentas manuais e acess\u00f3rios diversos. O produto possui trava de fechamento? Sim, muitos modelos possuem travas pl\u00e1sticas ou met\u00e1licas para maior seguran\u00e7a. Como escolher a melhor caixa pl\u00e1stica para ferramentas? O ideal \u00e9 avaliar tamanho, resist\u00eancia do material, quantidade de compartimentos e capacidade de armazenamento. A Caixa de Ferramentas 16 Pol \u00e9 indicada para uso profissional? Sim, ela atende aplica\u00e7\u00f5es em oficinas, manuten\u00e7\u00e3o t\u00e9cnica e servi\u00e7os profissionais. Qual caixa organizadora oferece melhor custo-benef\u00edcio? Modelos com bandeja remov\u00edvel, travas refor\u00e7adas e estrutura resistente costumam oferecer excelente custo-benef\u00edcio. Esse equipamento pode ser utilizado em servi\u00e7os el\u00e9tricos e hidr\u00e1ulicos? Sim, ela \u00e9 indicada para organiza\u00e7\u00e3o de ferramentas utilizadas em diferentes tipos de manuten\u00e7\u00e3o. A caixa ajuda a aumentar a praticidade no transporte das ferramentas? Sim, ela facilita armazenamento, organiza\u00e7\u00e3o e deslocamento dos equipamentos. Qual a diferen\u00e7a entre caixa pl\u00e1stica e met\u00e1lica para ferramentas? Modelos pl\u00e1sticos s\u00e3o mais leves e resistentes \u00e0 corros\u00e3o, enquanto os met\u00e1licos oferecem maior robustez estrutural. Caixa organizadora ou bolsa para ferramentas: qual escolher? Caixas oferecem maior prote\u00e7\u00e3o contra impactos e poeira, enquanto bolsas facilitam o acesso r\u00e1pido \u00e0s ferramentas. A Caixa Pl\u00e1stica 16 Polegadas \u00e9 indicada para uso dom\u00e9stico e profissional? Sim, ela atende desde pequenos reparos at\u00e9 aplica\u00e7\u00f5es profissionais frequentes. Qual organizador oferece maior praticidade para ferramentas manuais? Caixas com bandeja remov\u00edvel e compartimentos organizadores oferecem melhor praticidade. A Caixa Pl\u00e1stica para Ferramentas 16 Polegadas facilita a organiza\u00e7\u00e3o e o transporte das ferramentas? Sim, ela proporciona armazenamento pr\u00e1tico, seguro e eficiente para diferentes aplica\u00e7\u00f5es<\/p>\n<h5>Aproveite e pesquise o pre\u00e7o deste produto em dezenas de lojas dos marketplaces abaixo:<\/h5>\n<p><a href=\"https:\/\/www.magazinevoce.com.br\/magazineezu\/busca\/Caixa Plastica para Ferramentas 16 Polegadas STANLEY-STST80345-40\/\" target=\"_blank\" rel=\"noopener\"><img decoding=\"async\" src=\"data:image\/gif;base64,R0lGODlhAQABAIAAAAAAAP\/\/\/ywAAAAAAQABAAACAUwAOw==\" fifu-lazy=\"1\" fifu-data-sizes=\"auto\" fifu-data-srcset=\"https:\/\/i3.wp.com\/mvc.mlcdn.com.br\/ad\/2503_superofertas.png?ssl=1&w=75&resize=75&ssl=1 75w, https:\/\/i3.wp.com\/mvc.mlcdn.com.br\/ad\/2503_superofertas.png?ssl=1&w=100&resize=100&ssl=1 100w, https:\/\/i3.wp.com\/mvc.mlcdn.com.br\/ad\/2503_superofertas.png?ssl=1&w=150&resize=150&ssl=1 150w, https:\/\/i3.wp.com\/mvc.mlcdn.com.br\/ad\/2503_superofertas.png?ssl=1&w=240&resize=240&ssl=1 240w, https:\/\/i3.wp.com\/mvc.mlcdn.com.br\/ad\/2503_superofertas.png?ssl=1&w=320&resize=320&ssl=1 320w, https:\/\/i3.wp.com\/mvc.mlcdn.com.br\/ad\/2503_superofertas.png?ssl=1&w=500&resize=500&ssl=1 500w, https:\/\/i3.wp.com\/mvc.mlcdn.com.br\/ad\/2503_superofertas.png?ssl=1&w=640&resize=640&ssl=1 640w, https:\/\/i3.wp.com\/mvc.mlcdn.com.br\/ad\/2503_superofertas.png?ssl=1&w=800&resize=800&ssl=1 800w, https:\/\/i3.wp.com\/mvc.mlcdn.com.br\/ad\/2503_superofertas.png?ssl=1&w=1024&resize=1024&ssl=1 1024w, https:\/\/i3.wp.com\/mvc.mlcdn.com.br\/ad\/2503_superofertas.png?ssl=1&w=1280&resize=1280&ssl=1 1280w, https:\/\/i3.wp.com\/mvc.mlcdn.com.br\/ad\/2503_superofertas.png?ssl=1&w=1600&resize=1600&ssl=1 1600w\" fifu-data-src=\"https:\/\/i3.wp.com\/mvc.mlcdn.com.br\/ad\/2503_superofertas.png?ssl=1\" alt=\"Pesquise no Magazine eZu\" \/> &#8211; Clique <\/a>.<\/p>\n<hr \/>\n<hr \/>\n<h4>A loja Ferramentas Kennedy oferece a possibilidade de busca mais ampla para <a href=\"https:\/\/www.ferramentaskennedy.com.br\/busca?q=Caixa Plastica para Ferramentas 16 Polegadas STANLEY-STST80345-40&amp;utm_campaign=ecompare&amp;utm_medium=maisplataforma&amp;utm_source=mais\" target=\"_blank\" rel=\"noopener\">Caixa Plastica para Ferramentas 16 Polegadas STANLEY-STST80345-40, clique e continue <strong>pesquisando&#8230;<\/strong><img decoding=\"async\" src=\"data:image\/gif;base64,R0lGODlhAQABAIAAAAAAAP\/\/\/ywAAAAAAQABAAACAUwAOw==\" fifu-lazy=\"1\" fifu-data-sizes=\"auto\" fifu-data-srcset=\"https:\/\/i1.wp.com\/bucket-seed.s3.us-east-2.amazonaws.com\/ferramentaskennedy.com.br\/network\/share.png?ssl=1&w=75&resize=75&ssl=1 75w, https:\/\/i1.wp.com\/bucket-seed.s3.us-east-2.amazonaws.com\/ferramentaskennedy.com.br\/network\/share.png?ssl=1&w=100&resize=100&ssl=1 100w, https:\/\/i1.wp.com\/bucket-seed.s3.us-east-2.amazonaws.com\/ferramentaskennedy.com.br\/network\/share.png?ssl=1&w=150&resize=150&ssl=1 150w, https:\/\/i1.wp.com\/bucket-seed.s3.us-east-2.amazonaws.com\/ferramentaskennedy.com.br\/network\/share.png?ssl=1&w=240&resize=240&ssl=1 240w, https:\/\/i1.wp.com\/bucket-seed.s3.us-east-2.amazonaws.com\/ferramentaskennedy.com.br\/network\/share.png?ssl=1&w=320&resize=320&ssl=1 320w, https:\/\/i1.wp.com\/bucket-seed.s3.us-east-2.amazonaws.com\/ferramentaskennedy.com.br\/network\/share.png?ssl=1&w=500&resize=500&ssl=1 500w, https:\/\/i1.wp.com\/bucket-seed.s3.us-east-2.amazonaws.com\/ferramentaskennedy.com.br\/network\/share.png?ssl=1&w=640&resize=640&ssl=1 640w, https:\/\/i1.wp.com\/bucket-seed.s3.us-east-2.amazonaws.com\/ferramentaskennedy.com.br\/network\/share.png?ssl=1&w=800&resize=800&ssl=1 800w, https:\/\/i1.wp.com\/bucket-seed.s3.us-east-2.amazonaws.com\/ferramentaskennedy.com.br\/network\/share.png?ssl=1&w=1024&resize=1024&ssl=1 1024w, https:\/\/i1.wp.com\/bucket-seed.s3.us-east-2.amazonaws.com\/ferramentaskennedy.com.br\/network\/share.png?ssl=1&w=1280&resize=1280&ssl=1 1280w, https:\/\/i1.wp.com\/bucket-seed.s3.us-east-2.amazonaws.com\/ferramentaskennedy.com.br\/network\/share.png?ssl=1&w=1600&resize=1600&ssl=1 1600w\" fifu-data-src=\"https:\/\/i1.wp.com\/bucket-seed.s3.us-east-2.amazonaws.com\/ferramentaskennedy.com.br\/network\/share.png?ssl=1\" alt=\"Pesquise na Ferramentas Kennedy\" align=\"center\" \/><\/a><\/h4>\n<hr \/>\n<p>COD25524334611670070770166134435225<\/p>\n","protected":false},"excerpt":{"rendered":"<p><del>R$ 72.90<\/del> nas lojas <a href=\"https:\/\/www.awin1.com\/pclick.php?p=45688802814&#038;a=690303&#038;m=118895\" target=\"_blank\" rel=\"sponsored\">Loja do Mecanico BR<\/a><\/p>\n","protected":false},"author":1,"featured_media":855373,"comment_status":"closed","ping_status":"closed","sticky":false,"template":"","format":"standard","meta":{"fifu_image_url":"https:\/\/img.lojadomecanico.com.br\/IMAGENS\/2\/119\/116404\/1746705219874.JPG","fifu_image_alt":"","footnotes":""},"categories":[2],"tags":[13743,40],"class_list":["post-855372","post","type-post","status-publish","format-standard","has-post-thumbnail","hentry","category-produtos","tag-72-90","tag-loja-do-mecanico-br","no-post-thumbnail"],"_links":{"self":[{"href":"https:\/\/truckbrasil.net\/wp\/wp-json\/wp\/v2\/posts\/855372","targetHints":{"allow":["GET"]}}],"collection":[{"href":"https:\/\/truckbrasil.net\/wp\/wp-json\/wp\/v2\/posts"}],"about":[{"href":"https:\/\/truckbrasil.net\/wp\/wp-json\/wp\/v2\/types\/post"}],"author":[{"embeddable":true,"href":"https:\/\/truckbrasil.net\/wp\/wp-json\/wp\/v2\/users\/1"}],"replies":[{"embeddable":true,"href":"https:\/\/truckbrasil.net\/wp\/wp-json\/wp\/v2\/comments?post=855372"}],"version-history":[{"count":0,"href":"https:\/\/truckbrasil.net\/wp\/wp-json\/wp\/v2\/posts\/855372\/revisions"}],"wp:featuredmedia":[{"embeddable":true,"href":"https:\/\/truckbrasil.net\/wp\/wp-json\/wp\/v2\/media\/855373"}],"wp:attachment":[{"href":"https:\/\/truckbrasil.net\/wp\/wp-json\/wp\/v2\/media?parent=855372"}],"wp:term":[{"taxonomy":"category","embeddable":true,"href":"https:\/\/truckbrasil.net\/wp\/wp-json\/wp\/v2\/categories?post=855372"},{"taxonomy":"post_tag","embeddable":true,"href":"https:\/\/truckbrasil.net\/wp\/wp-json\/wp\/v2\/tags?post=855372"}],"curies":[{"name":"wp","href":"https:\/\/api.w.org\/{rel}","templated":true}]}}