{"id":882898,"date":"2026-08-08T23:29:18","date_gmt":"2026-08-08T23:29:18","guid":{"rendered":"https:\/\/truckbrasil.net\/wp\/truck\/2026\/08\/08\/moto-esmeril-de-bancada-8-pol-750w-1hp-bremen-4787-45309806856\/"},"modified":"2026-08-08T23:29:18","modified_gmt":"2026-08-08T23:29:18","slug":"moto-esmeril-de-bancada-8-pol-750w-1hp-bremen-4787-45309806856","status":"publish","type":"post","link":"https:\/\/truckbrasil.net\/wp\/truck\/2026\/08\/08\/moto-esmeril-de-bancada-8-pol-750w-1hp-bremen-4787-45309806856\/","title":{"rendered":"Moto Esmeril de Bancada 8 Pol 750W 1HP BREMEN-4787 &#8211; 45309806856"},"content":{"rendered":"<p><a href=\"https:\/\/www.awin1.com\/pclick.php?p=45309806856&#038;a=690303&#038;m=118895\" target=\"_blank\" rel=\"noopener sponsored\"><\/a><\/p>\n<h2><\/h2>\n<h3>O pre\u00e7o de Moto Esmeril de Bancada 8 Pol 750W 1HP BREMEN-4787\u00a0era de <del><strong>R$ 719.90<\/strong><\/del>. Acesse a loja e veja se o pre\u00e7o ou estoque mudaram: <a href=\"https:\/\/www.awin1.com\/pclick.php?p=45309806856&#038;a=690303&#038;m=118895\" target=\"_blank\" rel=\"noopener sponsored\"><img decoding=\"async\" src=\"data:image\/gif;base64,R0lGODlhAQABAIAAAAAAAP\/\/\/ywAAAAAAQABAAACAUwAOw==\" fifu-lazy=\"1\" fifu-data-sizes=\"auto\" fifu-data-srcset=\"https:\/\/i0.wp.com\/ui.awin.com\/images\/upload\/merchant\/profile\/118895.png?ssl=1&w=75&resize=75&ssl=1 75w, https:\/\/i0.wp.com\/ui.awin.com\/images\/upload\/merchant\/profile\/118895.png?ssl=1&w=100&resize=100&ssl=1 100w, https:\/\/i0.wp.com\/ui.awin.com\/images\/upload\/merchant\/profile\/118895.png?ssl=1&w=150&resize=150&ssl=1 150w, https:\/\/i0.wp.com\/ui.awin.com\/images\/upload\/merchant\/profile\/118895.png?ssl=1&w=240&resize=240&ssl=1 240w, https:\/\/i0.wp.com\/ui.awin.com\/images\/upload\/merchant\/profile\/118895.png?ssl=1&w=320&resize=320&ssl=1 320w, https:\/\/i0.wp.com\/ui.awin.com\/images\/upload\/merchant\/profile\/118895.png?ssl=1&w=500&resize=500&ssl=1 500w, https:\/\/i0.wp.com\/ui.awin.com\/images\/upload\/merchant\/profile\/118895.png?ssl=1&w=640&resize=640&ssl=1 640w, https:\/\/i0.wp.com\/ui.awin.com\/images\/upload\/merchant\/profile\/118895.png?ssl=1&w=800&resize=800&ssl=1 800w, https:\/\/i0.wp.com\/ui.awin.com\/images\/upload\/merchant\/profile\/118895.png?ssl=1&w=1024&resize=1024&ssl=1 1024w, https:\/\/i0.wp.com\/ui.awin.com\/images\/upload\/merchant\/profile\/118895.png?ssl=1&w=1280&resize=1280&ssl=1 1280w, https:\/\/i0.wp.com\/ui.awin.com\/images\/upload\/merchant\/profile\/118895.png?ssl=1&w=1600&resize=1600&ssl=1 1600w\" fifu-data-src=\"https:\/\/i0.wp.com\/ui.awin.com\/images\/upload\/merchant\/profile\/118895.png?ssl=1\" alt=\"Moto Esmeril de Bancada 8 Pol 750W 1HP BREMEN-4787\" \/> &#8211; Loja do Mecanico BR<\/a><\/h3>\n<p>O Moto Esmeril de Bancada 8 Pol. 750W 220V oferece pot\u00eancia e efici\u00eancia, \u00e9 a escolha perfeita para uso industrial, oficinas e resid\u00eancias. Este equipamento robusto oferece uma performance excepcional gra\u00e7as ao seu rebolo de alta qualidade, garantindo resist\u00eancia e durabilidade em todos os trabalhos. Projetado para suportar as demandas mais exigentes, o Moto Esmeril de Bancada \u00e9 ideal para afiar ferramentas, desbastar pe\u00e7as e realizar acabamentos precisos. Com sua pot\u00eancia de 750W e tens\u00e3o de 220V, voc\u00ea ter\u00e1 a for\u00e7a necess\u00e1ria para realizar tarefas com efici\u00eancia e seguran\u00e7a. Caracter\u00edsticas Versatilidade: Adequado para diversas aplica\u00e7\u00f5es, desde afia\u00e7\u00e3o de ferramentas at\u00e9 acabamentos detalhados. Durabilidade: Fabricado com materiais de alta qualidade para garantir longa vida \u00fatil. Desempenho Superior: Pot\u00eancia e efici\u00eancia para realizar trabalhos com precis\u00e3o e rapidez. Especifica\u00e7\u00f5es T\u00e9cnicas Tens\u00e3o: 220V Frequ\u00eancia: 60Hz Pot\u00eancia: 1 HP 750W Rota\u00e7\u00e3o : 3450RPM Baixo n\u00edvel de ru\u00eddo Rebolo: 8&#8243; x 1&#8243; x 5\/8&#8243; Material do corpo: a\u00e7o\/alum\u00ednio Conte\u00fado da Embalagem 1 Moto Esmeril de Bancada 8 Pol. 750W 220V Garantia 6 Meses. J\u00e1 incluso 3 Meses Legais. C\u00f3digo de Barras 7899735040633<\/p>\n<h5>Aproveite e pesquise o pre\u00e7o deste produto em dezenas de lojas dos marketplaces abaixo:<\/h5>\n<p><a href=\"https:\/\/www.magazinevoce.com.br\/magazineezu\/busca\/Moto Esmeril de Bancada 8 Pol 750W 1HP BREMEN-4787\/\" target=\"_blank\" rel=\"noopener\"><img decoding=\"async\" src=\"data:image\/gif;base64,R0lGODlhAQABAIAAAAAAAP\/\/\/ywAAAAAAQABAAACAUwAOw==\" fifu-lazy=\"1\" fifu-data-sizes=\"auto\" fifu-data-srcset=\"https:\/\/i3.wp.com\/mvc.mlcdn.com.br\/ad\/2503_superofertas.png?ssl=1&w=75&resize=75&ssl=1 75w, https:\/\/i3.wp.com\/mvc.mlcdn.com.br\/ad\/2503_superofertas.png?ssl=1&w=100&resize=100&ssl=1 100w, https:\/\/i3.wp.com\/mvc.mlcdn.com.br\/ad\/2503_superofertas.png?ssl=1&w=150&resize=150&ssl=1 150w, https:\/\/i3.wp.com\/mvc.mlcdn.com.br\/ad\/2503_superofertas.png?ssl=1&w=240&resize=240&ssl=1 240w, https:\/\/i3.wp.com\/mvc.mlcdn.com.br\/ad\/2503_superofertas.png?ssl=1&w=320&resize=320&ssl=1 320w, https:\/\/i3.wp.com\/mvc.mlcdn.com.br\/ad\/2503_superofertas.png?ssl=1&w=500&resize=500&ssl=1 500w, https:\/\/i3.wp.com\/mvc.mlcdn.com.br\/ad\/2503_superofertas.png?ssl=1&w=640&resize=640&ssl=1 640w, https:\/\/i3.wp.com\/mvc.mlcdn.com.br\/ad\/2503_superofertas.png?ssl=1&w=800&resize=800&ssl=1 800w, https:\/\/i3.wp.com\/mvc.mlcdn.com.br\/ad\/2503_superofertas.png?ssl=1&w=1024&resize=1024&ssl=1 1024w, https:\/\/i3.wp.com\/mvc.mlcdn.com.br\/ad\/2503_superofertas.png?ssl=1&w=1280&resize=1280&ssl=1 1280w, https:\/\/i3.wp.com\/mvc.mlcdn.com.br\/ad\/2503_superofertas.png?ssl=1&w=1600&resize=1600&ssl=1 1600w\" fifu-data-src=\"https:\/\/i3.wp.com\/mvc.mlcdn.com.br\/ad\/2503_superofertas.png?ssl=1\" alt=\"Pesquise no Magazine eZu\" \/> &#8211; Clique <\/a>.<\/p>\n<hr \/>\n<hr \/>\n<h4>A loja Ferramentas Kennedy oferece a possibilidade de busca mais ampla para <a href=\"https:\/\/www.ferramentaskennedy.com.br\/busca?q=Moto Esmeril de Bancada 8 Pol 750W 1HP BREMEN-4787&amp;utm_campaign=ecompare&amp;utm_medium=maisplataforma&amp;utm_source=mais\" target=\"_blank\" rel=\"noopener\">Moto Esmeril de Bancada 8 Pol 750W 1HP BREMEN-4787, clique e continue <strong>pesquisando&#8230;<\/strong><img decoding=\"async\" src=\"data:image\/gif;base64,R0lGODlhAQABAIAAAAAAAP\/\/\/ywAAAAAAQABAAACAUwAOw==\" fifu-lazy=\"1\" fifu-data-sizes=\"auto\" fifu-data-srcset=\"https:\/\/i1.wp.com\/bucket-seed.s3.us-east-2.amazonaws.com\/ferramentaskennedy.com.br\/network\/share.png?ssl=1&w=75&resize=75&ssl=1 75w, https:\/\/i1.wp.com\/bucket-seed.s3.us-east-2.amazonaws.com\/ferramentaskennedy.com.br\/network\/share.png?ssl=1&w=100&resize=100&ssl=1 100w, https:\/\/i1.wp.com\/bucket-seed.s3.us-east-2.amazonaws.com\/ferramentaskennedy.com.br\/network\/share.png?ssl=1&w=150&resize=150&ssl=1 150w, https:\/\/i1.wp.com\/bucket-seed.s3.us-east-2.amazonaws.com\/ferramentaskennedy.com.br\/network\/share.png?ssl=1&w=240&resize=240&ssl=1 240w, https:\/\/i1.wp.com\/bucket-seed.s3.us-east-2.amazonaws.com\/ferramentaskennedy.com.br\/network\/share.png?ssl=1&w=320&resize=320&ssl=1 320w, https:\/\/i1.wp.com\/bucket-seed.s3.us-east-2.amazonaws.com\/ferramentaskennedy.com.br\/network\/share.png?ssl=1&w=500&resize=500&ssl=1 500w, https:\/\/i1.wp.com\/bucket-seed.s3.us-east-2.amazonaws.com\/ferramentaskennedy.com.br\/network\/share.png?ssl=1&w=640&resize=640&ssl=1 640w, https:\/\/i1.wp.com\/bucket-seed.s3.us-east-2.amazonaws.com\/ferramentaskennedy.com.br\/network\/share.png?ssl=1&w=800&resize=800&ssl=1 800w, https:\/\/i1.wp.com\/bucket-seed.s3.us-east-2.amazonaws.com\/ferramentaskennedy.com.br\/network\/share.png?ssl=1&w=1024&resize=1024&ssl=1 1024w, https:\/\/i1.wp.com\/bucket-seed.s3.us-east-2.amazonaws.com\/ferramentaskennedy.com.br\/network\/share.png?ssl=1&w=1280&resize=1280&ssl=1 1280w, https:\/\/i1.wp.com\/bucket-seed.s3.us-east-2.amazonaws.com\/ferramentaskennedy.com.br\/network\/share.png?ssl=1&w=1600&resize=1600&ssl=1 1600w\" fifu-data-src=\"https:\/\/i1.wp.com\/bucket-seed.s3.us-east-2.amazonaws.com\/ferramentaskennedy.com.br\/network\/share.png?ssl=1\" alt=\"Pesquise na Ferramentas Kennedy\" align=\"center\" \/><\/a><\/h4>\n<hr \/>\n<p>COD25524334611670070770166134435225<\/p>\n","protected":false},"excerpt":{"rendered":"<p><del>R$ 719.90<\/del> nas lojas <a href=\"https:\/\/www.awin1.com\/pclick.php?p=45309806856&#038;a=690303&#038;m=118895\" target=\"_blank\" rel=\"sponsored\">Loja do Mecanico BR<\/a><\/p>\n","protected":false},"author":1,"featured_media":882899,"comment_status":"closed","ping_status":"closed","sticky":false,"template":"","format":"standard","meta":{"fifu_image_url":"https:\/\/img.lojadomecanico.com.br\/IMAGENS\/21\/225\/603437\/1720093848848.JPG","fifu_image_alt":"","footnotes":""},"categories":[2],"tags":[16011,40],"class_list":["post-882898","post","type-post","status-publish","format-standard","has-post-thumbnail","hentry","category-produtos","tag-719-90","tag-loja-do-mecanico-br","no-post-thumbnail"],"_links":{"self":[{"href":"https:\/\/truckbrasil.net\/wp\/wp-json\/wp\/v2\/posts\/882898","targetHints":{"allow":["GET"]}}],"collection":[{"href":"https:\/\/truckbrasil.net\/wp\/wp-json\/wp\/v2\/posts"}],"about":[{"href":"https:\/\/truckbrasil.net\/wp\/wp-json\/wp\/v2\/types\/post"}],"author":[{"embeddable":true,"href":"https:\/\/truckbrasil.net\/wp\/wp-json\/wp\/v2\/users\/1"}],"replies":[{"embeddable":true,"href":"https:\/\/truckbrasil.net\/wp\/wp-json\/wp\/v2\/comments?post=882898"}],"version-history":[{"count":0,"href":"https:\/\/truckbrasil.net\/wp\/wp-json\/wp\/v2\/posts\/882898\/revisions"}],"wp:featuredmedia":[{"embeddable":true,"href":"https:\/\/truckbrasil.net\/wp\/wp-json\/wp\/v2\/media\/882899"}],"wp:attachment":[{"href":"https:\/\/truckbrasil.net\/wp\/wp-json\/wp\/v2\/media?parent=882898"}],"wp:term":[{"taxonomy":"category","embeddable":true,"href":"https:\/\/truckbrasil.net\/wp\/wp-json\/wp\/v2\/categories?post=882898"},{"taxonomy":"post_tag","embeddable":true,"href":"https:\/\/truckbrasil.net\/wp\/wp-json\/wp\/v2\/tags?post=882898"}],"curies":[{"name":"wp","href":"https:\/\/api.w.org\/{rel}","templated":true}]}}